{"id":1477,"date":"2014-02-24T16:25:29","date_gmt":"2014-02-24T16:25:29","guid":{"rendered":"http:\/\/amscb.com\/?p=1477"},"modified":"2014-02-24T16:28:23","modified_gmt":"2014-02-24T16:28:23","slug":"los-reyes-en-leon","status":"publish","type":"post","link":"https:\/\/amscb.com\/?p=1477","title":{"rendered":"LOS REYES EN LE\u00d3N"},"content":{"rendered":"<p>Es un placer anunciar que el pr\u00f3ximo domingo 16 de marzo cumpliremos un sue\u00f1o, ya que tendremos el honor de compartir escenario con nuestros compa\u00f1eros de la Agrupaci\u00f3n Musical Nuestra Se\u00f1ora Virgen de los Reyes.<br \/>\nDesde Sevilla llegar\u00e1n los sones de un estilo que ha calado hondo en nuestra capital, suponiendo una clara ruptura en la concepci\u00f3n de la m\u00fasica cofrade desde que en aquel ya lejano 1992 la AM de la Cofrad\u00eda de Nuestra Se\u00f1ora de las Angustias ofreciera sus primeras notas al viejo Le\u00f3n.<br \/>\nM\u00e1s de 30 a\u00f1os les avalan, con 13 trabajos discogr\u00e1ficos, y marchas tan se\u00f1eras como La Saeta, Consuelo gitano, Nazareno y gitano, \u00a1A la gloria!, Gitano de Sevilla\u2026 pero sobre todo, si en algo destacan, es en mezclar como nadie el clasicismo y a la vez innovar con nuevas composiciones, siendo, sin lugar a duda, la bandera del verdadero estilo sevillano, el de Agrupaci\u00f3n Musical.<br \/>\nEn los pr\u00f3ximos d\u00edas anunciaremos el lugar del concierto, as\u00ed como el precio de las entradas y el m\u00e9todo de adquisici\u00f3n de las mismas. Esperamos que nos acompa\u00f1\u00e9is en esta jornada hist\u00f3rica para nuestra joven agrupaci\u00f3n.<\/p>\n<p>Un saludo.<\/p>\n","protected":false},"excerpt":{"rendered":"<p>Es un placer anunciar que el pr\u00f3ximo domingo 16 de marzo cumpliremos un sue\u00f1o, ya que tendremos el honor de compartir escenario con nuestros compa\u00f1eros de la Agrupaci\u00f3n Musical Nuestra Se\u00f1ora Virgen de los Reyes. Desde Sevilla llegar\u00e1n los sones de un estilo que ha calado hondo en nuestra capital, suponiendo una clara ruptura en [&hellip;]<\/p>\n","protected":false},"author":1,"featured_media":1478,"comment_status":"open","ping_status":"open","sticky":false,"template":"","format":"standard","meta":[],"categories":[],"tags":[],"_links":{"self":[{"href":"https:\/\/amscb.com\/index.php?rest_route=\/wp\/v2\/posts\/1477"}],"collection":[{"href":"https:\/\/amscb.com\/index.php?rest_route=\/wp\/v2\/posts"}],"about":[{"href":"https:\/\/amscb.com\/index.php?rest_route=\/wp\/v2\/types\/post"}],"author":[{"embeddable":true,"href":"https:\/\/amscb.com\/index.php?rest_route=\/wp\/v2\/users\/1"}],"replies":[{"embeddable":true,"href":"https:\/\/amscb.com\/index.php?rest_route=%2Fwp%2Fv2%2Fcomments&post=1477"}],"version-history":[{"count":1,"href":"https:\/\/amscb.com\/index.php?rest_route=\/wp\/v2\/posts\/1477\/revisions"}],"predecessor-version":[{"id":1479,"href":"https:\/\/amscb.com\/index.php?rest_route=\/wp\/v2\/posts\/1477\/revisions\/1479"}],"wp:featuredmedia":[{"embeddable":true,"href":"https:\/\/amscb.com\/index.php?rest_route=\/wp\/v2\/media\/1478"}],"wp:attachment":[{"href":"https:\/\/amscb.com\/index.php?rest_route=%2Fwp%2Fv2%2Fmedia&parent=1477"}],"wp:term":[{"taxonomy":"category","embeddable":true,"href":"https:\/\/amscb.com\/index.php?rest_route=%2Fwp%2Fv2%2Fcategories&post=1477"},{"taxonomy":"post_tag","embeddable":true,"href":"https:\/\/amscb.com\/index.php?rest_route=%2Fwp%2Fv2%2Ftags&post=1477"}],"curies":[{"name":"wp","href":"https:\/\/api.w.org\/{rel}","templated":true}]}}