{"id":1482,"date":"2014-02-27T11:35:58","date_gmt":"2014-02-27T11:35:58","guid":{"rendered":"http:\/\/amscb.com\/?p=1482"},"modified":"2014-02-27T11:36:47","modified_gmt":"2014-02-27T11:36:47","slug":"concierto-en-oviedo","status":"publish","type":"post","link":"https:\/\/amscb.com\/?p=1482","title":{"rendered":"Concierto en Oviedo"},"content":{"rendered":"<p>Este s\u00e1bado 1 de Marzo tendremos el privilegio de visitar por primera la ciudad de Oviedo ofreciendo nuestra m\u00fasica al titular de la Hermandad de Nuestro Padre Jes\u00fas Nazareno, penitencial que celebra durante este 2014 el vig\u00e9simo aniversario de su refundaci\u00f3n.<br \/>\nNuestra actuaci\u00f3n est\u00e1 incluida dentro de los actos programados entre el 27 de Febrero y el 7 de Marzo con motivo de la solemne Novena a Nuestro Padre Jes\u00fas Nazareno (http:\/\/www.nazarenosoviedo.com\/triptico%20nazareno.pdf), teniendo como como marco la Iglesia de Santo Domingo a las 19:30 de la tarde.<br \/>\nPara esta ocasi\u00f3n hemos elegido un repertorio en el que predominan las composiciones cl\u00e1sicas, as\u00ed como alguna de las nuevas obras propias incorporadas a nuestro repertorio para esta temporada del 2014:<br \/>\nAlma de Dios.\tMaestro Serrano.<br \/>\nUnidos por tu Sangre.\tAntonio Amodeo.<br \/>\nCaridad del Guadalquivir.\tPaco Lola.<br \/>\nLa saeta.\tJoan Manuel Serrat.<br \/>\nOraci\u00f3n.\tJose Manuel M. Herv\u00e1s.<br \/>\nTras de ti mi cautivo.\tJose Manuel S\u00e1nchez Molero.<br \/>\nConsuelo Gitano.\tAntonio Velasco.<br \/>\nSanto Cristo de la Bienaventuranza.\tAlejandro Blanco.<br \/>\nAl Dios de a Bienaventuranza.\tJose Manuel S\u00e1nchez Molero.<br \/>\nGitano de Sevilla.\tPaco Lola y Miguel \u00c1ngel Font.<\/p>\n<p>\u00a1Os esperamos!<br \/>\n<a href=\"http:\/\/amscb.com\/wp-content\/uploads\/2014\/02\/cartel-concierto-banda-Bienaventuranza-3.jpg\"><img decoding=\"async\" loading=\"lazy\" src=\"http:\/\/amscb.com\/wp-content\/uploads\/2014\/02\/cartel-concierto-banda-Bienaventuranza-3-212x300.jpg\" alt=\"cartel concierto banda Bienaventuranza (3)\" width=\"212\" height=\"300\" class=\"alignnone size-medium wp-image-1483\" srcset=\"https:\/\/amscb.com\/wp-content\/uploads\/2014\/02\/cartel-concierto-banda-Bienaventuranza-3-212x300.jpg 212w, https:\/\/amscb.com\/wp-content\/uploads\/2014\/02\/cartel-concierto-banda-Bienaventuranza-3-724x1024.jpg 724w\" sizes=\"(max-width: 212px) 100vw, 212px\" \/><\/a><\/p>\n","protected":false},"excerpt":{"rendered":"<p>Este s\u00e1bado 1 de Marzo tendremos el privilegio de visitar por primera la ciudad de Oviedo ofreciendo nuestra m\u00fasica al titular de la Hermandad de Nuestro Padre Jes\u00fas Nazareno, penitencial que celebra durante este 2014 el vig\u00e9simo aniversario de su refundaci\u00f3n. Nuestra actuaci\u00f3n est\u00e1 incluida dentro de los actos programados entre el 27 de Febrero [&hellip;]<\/p>\n","protected":false},"author":1,"featured_media":1483,"comment_status":"open","ping_status":"open","sticky":false,"template":"","format":"standard","meta":[],"categories":[],"tags":[],"_links":{"self":[{"href":"https:\/\/amscb.com\/index.php?rest_route=\/wp\/v2\/posts\/1482"}],"collection":[{"href":"https:\/\/amscb.com\/index.php?rest_route=\/wp\/v2\/posts"}],"about":[{"href":"https:\/\/amscb.com\/index.php?rest_route=\/wp\/v2\/types\/post"}],"author":[{"embeddable":true,"href":"https:\/\/amscb.com\/index.php?rest_route=\/wp\/v2\/users\/1"}],"replies":[{"embeddable":true,"href":"https:\/\/amscb.com\/index.php?rest_route=%2Fwp%2Fv2%2Fcomments&post=1482"}],"version-history":[{"count":2,"href":"https:\/\/amscb.com\/index.php?rest_route=\/wp\/v2\/posts\/1482\/revisions"}],"predecessor-version":[{"id":1485,"href":"https:\/\/amscb.com\/index.php?rest_route=\/wp\/v2\/posts\/1482\/revisions\/1485"}],"wp:featuredmedia":[{"embeddable":true,"href":"https:\/\/amscb.com\/index.php?rest_route=\/wp\/v2\/media\/1483"}],"wp:attachment":[{"href":"https:\/\/amscb.com\/index.php?rest_route=%2Fwp%2Fv2%2Fmedia&parent=1482"}],"wp:term":[{"taxonomy":"category","embeddable":true,"href":"https:\/\/amscb.com\/index.php?rest_route=%2Fwp%2Fv2%2Fcategories&post=1482"},{"taxonomy":"post_tag","embeddable":true,"href":"https:\/\/amscb.com\/index.php?rest_route=%2Fwp%2Fv2%2Ftags&post=1482"}],"curies":[{"name":"wp","href":"https:\/\/api.w.org\/{rel}","templated":true}]}}