{"id":1497,"date":"2014-03-27T15:48:37","date_gmt":"2014-03-27T15:48:37","guid":{"rendered":"http:\/\/amscb.com\/?p=1497"},"modified":"2014-03-27T15:48:37","modified_gmt":"2014-03-27T15:48:37","slug":"fin-de-semana-2830-marzo","status":"publish","type":"post","link":"https:\/\/amscb.com\/?p=1497","title":{"rendered":"Fin de Semana 28\/30 Marzo"},"content":{"rendered":"<p>Este fin de semana participaremos en dos nuevos actos para seguir descontando d\u00edas en este Cuaresma 2014 que poco a poco va llegando a su fin.<\/p>\n<p>EL viernes 28 participaremos por segundo a\u00f1o consecutivo en el certamen que organiza la taberna cofrade Entrevarales\u00a0 situada en la C \/ La R\u00faa junto a nuestros compa\u00f1eros de La Agrupaci\u00f3n Musical Nuestra Se\u00f1ora de las Angustias y de la Banda de cornetas y tambores del Sant\u00edsimo Cristo de la Victoria. El acto arrancar\u00e1 en torno a las 21:00 en la Plaza de las concepcionistas e interpretaremos cuatro de las nuevas incorporaciones al repertorio para este Semana Santa de 2014:<\/p>\n<p>Estrella Reina del cielo (Jose Manuel Mena Herv\u00e1s)<\/p>\n<p>Y contigo hasta el cielo ( Jose Manuel Mena Herv\u00e1s)<\/p>\n<p>Jes\u00fas de la caridad \u00a0(Francisco J. Carrasco)<\/p>\n<p>Al Dios de la Bienaventuranza (Jose Manuel S\u00e1nchez Molero)<\/p>\n<p>&nbsp;<\/p>\n<p>El domingo acudiremos al I Preg\u00f3n de Semana Santa de la Casa de Asturias que correr\u00e1 a cargo del socio Don Marcelino Garc\u00eda Seijas, quien fuera abad de nuestra cofrad\u00eda entre el 2003 y el 2009. El acto comenzar\u00e1 con un peque\u00f1o pasacalles a las 18:15, para despu\u00e9s intervenir en el propio preg\u00f3n y cerrar el acto con un breve concierto. El repertorio elegido para la fecha es:<\/p>\n<p>Siempre en mi coraz\u00f3n \u00a0(\u00c1ngel Esquivel Alarma)<\/p>\n<p>Juder\u00eda Sevilla (Alejandro Blanco)<\/p>\n<p>Al cristo de los Faroles (Deglas Montoiro)<\/p>\n<p>Caminando va, por tientos en la madruga (Miguel \u00c1ngel Font)<\/p>\n<p>Gitano de Sevilla (Paco Lola)<\/p>\n","protected":false},"excerpt":{"rendered":"<p>Este fin de semana participaremos en dos nuevos actos para seguir descontando d\u00edas en este Cuaresma 2014 que poco a poco va llegando a su fin. EL viernes 28 participaremos por segundo a\u00f1o consecutivo en el certamen que organiza la taberna cofrade Entrevarales\u00a0 situada en la C \/ La R\u00faa junto a nuestros compa\u00f1eros de [&hellip;]<\/p>\n","protected":false},"author":1,"featured_media":1498,"comment_status":"open","ping_status":"open","sticky":false,"template":"","format":"image","meta":[],"categories":[],"tags":[],"_links":{"self":[{"href":"https:\/\/amscb.com\/index.php?rest_route=\/wp\/v2\/posts\/1497"}],"collection":[{"href":"https:\/\/amscb.com\/index.php?rest_route=\/wp\/v2\/posts"}],"about":[{"href":"https:\/\/amscb.com\/index.php?rest_route=\/wp\/v2\/types\/post"}],"author":[{"embeddable":true,"href":"https:\/\/amscb.com\/index.php?rest_route=\/wp\/v2\/users\/1"}],"replies":[{"embeddable":true,"href":"https:\/\/amscb.com\/index.php?rest_route=%2Fwp%2Fv2%2Fcomments&post=1497"}],"version-history":[{"count":5,"href":"https:\/\/amscb.com\/index.php?rest_route=\/wp\/v2\/posts\/1497\/revisions"}],"predecessor-version":[{"id":1503,"href":"https:\/\/amscb.com\/index.php?rest_route=\/wp\/v2\/posts\/1497\/revisions\/1503"}],"wp:featuredmedia":[{"embeddable":true,"href":"https:\/\/amscb.com\/index.php?rest_route=\/wp\/v2\/media\/1498"}],"wp:attachment":[{"href":"https:\/\/amscb.com\/index.php?rest_route=%2Fwp%2Fv2%2Fmedia&parent=1497"}],"wp:term":[{"taxonomy":"category","embeddable":true,"href":"https:\/\/amscb.com\/index.php?rest_route=%2Fwp%2Fv2%2Fcategories&post=1497"},{"taxonomy":"post_tag","embeddable":true,"href":"https:\/\/amscb.com\/index.php?rest_route=%2Fwp%2Fv2%2Ftags&post=1497"}],"curies":[{"name":"wp","href":"https:\/\/api.w.org\/{rel}","templated":true}]}}