{"id":1551,"date":"2014-11-20T17:32:56","date_gmt":"2014-11-20T17:32:56","guid":{"rendered":"http:\/\/amscb.com\/?p=1551"},"modified":"2014-11-20T17:32:56","modified_gmt":"2014-11-20T17:32:56","slug":"conciertos-santa-cecilia-2014","status":"publish","type":"post","link":"https:\/\/amscb.com\/?p=1551","title":{"rendered":"Conciertos Santa Cecilia 2014"},"content":{"rendered":"<p>Como no pod\u00eda ser de otra forma volveremos a honrar a la patrona de la m\u00fasica con dos actuaciones en este nuevo curso cofrade.<\/p>\n<p>EL viernes 21 de noviembre actuaremos en el Auditorio Ciudad de Le\u00f3n en el tradicional certamen organizado por el Ayuntamiento de Le\u00f3n. La apertura de puertas se realizar\u00e1 a las 20:00, inici\u00e1ndose el concierto a las 20:30.<\/p>\n<p>Por nuestra parte interpretaremos dos marchas:<\/p>\n<p>Al Dios de la Bienaventuranza de Jos\u00e9 Manuel S\u00e1nchez Molero.<\/p>\n<p>Sevilla en primavera de Francisco Ortiz y M. A. Font.<\/p>\n<p>El pr\u00f3ximo domingo 30 de Noviembre acudiremos al certamen organizado por nuestros compa\u00f1eros de La Banda de cornetas y tambores de Minerva y Vera Cruz, que comenzar\u00e1 a las 17:00 en el pabell\u00f3n Margarita Ramos.<\/p>\n<p><a href=\"http:\/\/amscb.com\/wp-content\/uploads\/2014\/11\/santa-cecilia.jpg\"><img decoding=\"async\" loading=\"lazy\" class=\"alignnone size-medium wp-image-1552\" src=\"http:\/\/amscb.com\/wp-content\/uploads\/2014\/11\/santa-cecilia-300x222.jpg\" alt=\"santa cecilia\" width=\"300\" height=\"222\" srcset=\"https:\/\/amscb.com\/wp-content\/uploads\/2014\/11\/santa-cecilia-300x222.jpg 300w, https:\/\/amscb.com\/wp-content\/uploads\/2014\/11\/santa-cecilia-1024x760.jpg 1024w, https:\/\/amscb.com\/wp-content\/uploads\/2014\/11\/santa-cecilia.jpg 1255w\" sizes=\"(max-width: 300px) 100vw, 300px\" \/><\/a><\/p>\n","protected":false},"excerpt":{"rendered":"<p>Como no pod\u00eda ser de otra forma volveremos a honrar a la patrona de la m\u00fasica con dos actuaciones en este nuevo curso cofrade. EL viernes 21 de noviembre actuaremos en el Auditorio Ciudad de Le\u00f3n en el tradicional certamen organizado por el Ayuntamiento de Le\u00f3n. La apertura de puertas se realizar\u00e1 a las 20:00, [&hellip;]<\/p>\n","protected":false},"author":1,"featured_media":1554,"comment_status":"open","ping_status":"open","sticky":false,"template":"","format":"standard","meta":[],"categories":[14],"tags":[],"_links":{"self":[{"href":"https:\/\/amscb.com\/index.php?rest_route=\/wp\/v2\/posts\/1551"}],"collection":[{"href":"https:\/\/amscb.com\/index.php?rest_route=\/wp\/v2\/posts"}],"about":[{"href":"https:\/\/amscb.com\/index.php?rest_route=\/wp\/v2\/types\/post"}],"author":[{"embeddable":true,"href":"https:\/\/amscb.com\/index.php?rest_route=\/wp\/v2\/users\/1"}],"replies":[{"embeddable":true,"href":"https:\/\/amscb.com\/index.php?rest_route=%2Fwp%2Fv2%2Fcomments&post=1551"}],"version-history":[{"count":1,"href":"https:\/\/amscb.com\/index.php?rest_route=\/wp\/v2\/posts\/1551\/revisions"}],"predecessor-version":[{"id":1553,"href":"https:\/\/amscb.com\/index.php?rest_route=\/wp\/v2\/posts\/1551\/revisions\/1553"}],"wp:featuredmedia":[{"embeddable":true,"href":"https:\/\/amscb.com\/index.php?rest_route=\/wp\/v2\/media\/1554"}],"wp:attachment":[{"href":"https:\/\/amscb.com\/index.php?rest_route=%2Fwp%2Fv2%2Fmedia&parent=1551"}],"wp:term":[{"taxonomy":"category","embeddable":true,"href":"https:\/\/amscb.com\/index.php?rest_route=%2Fwp%2Fv2%2Fcategories&post=1551"},{"taxonomy":"post_tag","embeddable":true,"href":"https:\/\/amscb.com\/index.php?rest_route=%2Fwp%2Fv2%2Ftags&post=1551"}],"curies":[{"name":"wp","href":"https:\/\/api.w.org\/{rel}","templated":true}]}}