{"id":1569,"date":"2015-01-29T09:43:20","date_gmt":"2015-01-29T09:43:20","guid":{"rendered":"http:\/\/amscb.com\/?p=1569"},"modified":"2015-01-29T09:43:20","modified_gmt":"2015-01-29T09:43:20","slug":"concierto-bandas-de-semana-santa-en-beneficio-de-fundacion-gitana-hogar-de-la-esperanza","status":"publish","type":"post","link":"https:\/\/amscb.com\/?p=1569","title":{"rendered":"&#8216;CONCIERTO BANDAS DE SEMANA SANTA\u2019 EN BENEFICIO DE FUNDACI\u00d3N GITANA HOGAR DE LA ESPERANZA"},"content":{"rendered":"<p>El s\u00e1bado 31 de Enero actuaremos en el Auditorio Ciudad de Le\u00f3n en favor de la \u201cFundaci\u00f3n Hogar de la Esperanza\u201d. El concierto comenzar\u00e1 a las 18:00, pudiendo retirarse las entradas en horario de 16:00 a 20:30 durante toda esta semana, as\u00ed como el propio d\u00eda del concierto en las taquillas del auditorio. El precio de las mismas ser\u00e1 de 3 euros siendo la recaudaci\u00f3n destinada \u00edntegramente a la asociaci\u00f3n organizadora.<\/p>\n<p>&nbsp;<\/p>\n<p>Las marchas que interpretaremos ser\u00e1n:<\/p>\n<p>&nbsp;<\/p>\n<p>La soledad del Cautivo \u00a0\u00a0\u00a0\u00a0\u00a0\u00a0\u00a0\u00a0\u00a0\u00a0\u00a0\u00a0\u00a0\u00a0\u00a0\u00a0\u00a0\u00a0\u00a0\u00a0\u00a0\u00a0\u00a0\u00a0\u00a0\u00a0\u00a0\u00a0\u00a0\u00a0\u00a0 Francisco J. Carrasco.<\/p>\n<p>A ti Carmelo\u00a0\u00a0\u00a0\u00a0\u00a0\u00a0\u00a0\u00a0\u00a0\u00a0\u00a0\u00a0\u00a0\u00a0\u00a0\u00a0\u00a0\u00a0\u00a0\u00a0\u00a0\u00a0\u00a0\u00a0\u00a0\u00a0\u00a0\u00a0\u00a0\u00a0\u00a0\u00a0\u00a0\u00a0\u00a0\u00a0\u00a0\u00a0\u00a0\u00a0\u00a0\u00a0\u00a0\u00a0\u00a0\u00a0\u00a0\u00a0\u00a0\u00a0\u00a0\u00a0\u00a0 Luis Sergio de Juan.<\/p>\n<p>\u00a1A la Gloria!\u00a0\u00a0\u00a0\u00a0\u00a0\u00a0\u00a0\u00a0\u00a0\u00a0\u00a0\u00a0\u00a0\u00a0\u00a0\u00a0\u00a0\u00a0\u00a0\u00a0\u00a0\u00a0\u00a0\u00a0\u00a0\u00a0\u00a0\u00a0\u00a0\u00a0\u00a0\u00a0\u00a0\u00a0\u00a0\u00a0\u00a0\u00a0\u00a0\u00a0\u00a0\u00a0\u00a0\u00a0\u00a0\u00a0\u00a0\u00a0\u00a0\u00a0\u00a0\u00a0\u00a0\u00a0 Miguel A. Font.<\/p>\n<p>&nbsp;<\/p>\n<p>&nbsp;<\/p>\n<p>\u00a1Os esperamos!<\/p>\n","protected":false},"excerpt":{"rendered":"<p>El s\u00e1bado 31 de Enero actuaremos en el Auditorio Ciudad de Le\u00f3n en favor de la \u201cFundaci\u00f3n Hogar de la Esperanza\u201d. El concierto comenzar\u00e1 a las 18:00, pudiendo retirarse las entradas en horario de 16:00 a 20:30 durante toda esta semana, as\u00ed como el propio d\u00eda del concierto en las taquillas del auditorio. El precio [&hellip;]<\/p>\n","protected":false},"author":1,"featured_media":1570,"comment_status":"open","ping_status":"open","sticky":false,"template":"","format":"standard","meta":[],"categories":[14],"tags":[],"_links":{"self":[{"href":"https:\/\/amscb.com\/index.php?rest_route=\/wp\/v2\/posts\/1569"}],"collection":[{"href":"https:\/\/amscb.com\/index.php?rest_route=\/wp\/v2\/posts"}],"about":[{"href":"https:\/\/amscb.com\/index.php?rest_route=\/wp\/v2\/types\/post"}],"author":[{"embeddable":true,"href":"https:\/\/amscb.com\/index.php?rest_route=\/wp\/v2\/users\/1"}],"replies":[{"embeddable":true,"href":"https:\/\/amscb.com\/index.php?rest_route=%2Fwp%2Fv2%2Fcomments&post=1569"}],"version-history":[{"count":1,"href":"https:\/\/amscb.com\/index.php?rest_route=\/wp\/v2\/posts\/1569\/revisions"}],"predecessor-version":[{"id":1571,"href":"https:\/\/amscb.com\/index.php?rest_route=\/wp\/v2\/posts\/1569\/revisions\/1571"}],"wp:featuredmedia":[{"embeddable":true,"href":"https:\/\/amscb.com\/index.php?rest_route=\/wp\/v2\/media\/1570"}],"wp:attachment":[{"href":"https:\/\/amscb.com\/index.php?rest_route=%2Fwp%2Fv2%2Fmedia&parent=1569"}],"wp:term":[{"taxonomy":"category","embeddable":true,"href":"https:\/\/amscb.com\/index.php?rest_route=%2Fwp%2Fv2%2Fcategories&post=1569"},{"taxonomy":"post_tag","embeddable":true,"href":"https:\/\/amscb.com\/index.php?rest_route=%2Fwp%2Fv2%2Ftags&post=1569"}],"curies":[{"name":"wp","href":"https:\/\/api.w.org\/{rel}","templated":true}]}}