{"id":1593,"date":"2015-03-06T09:41:00","date_gmt":"2015-03-06T09:41:00","guid":{"rendered":"http:\/\/amscb.com\/?p=1593"},"modified":"2015-03-06T09:41:00","modified_gmt":"2015-03-06T09:41:00","slug":"vii-convivencia-musical-nazareno-y-soledad-astorga","status":"publish","type":"post","link":"https:\/\/amscb.com\/?p=1593","title":{"rendered":"VII Convivencia Musical Nazareno y Soledad (Astorga)"},"content":{"rendered":"<p>Este s\u00e1bado nos desplazaremos a la localidad de Astorga con motivo de la VII Convivencia Musical Nazareno y Soledad, organizada por nuestros compa\u00f1eros de La Banda de Cornetas y Tambores Nazareno y Soledad.<\/p>\n<p>El acto comenzar\u00e1 a las 19:30 en el Sal\u00f3n de Actos del Instituto de Ense\u00f1anza Secundaria de Astorga, teniendo un car\u00e1cter ben\u00e9fico, siendo los fondos destinados a favor de la Asociaci\u00f3n Espa\u00f1ola contra el C\u00e1ncer.<\/p>\n<p>El repertorio que interpretaremos es el siguiente:<\/p>\n<p>&nbsp;<\/p>\n<p>Azucena de Sevilla\u00a0\u00a0\u00a0\u00a0\u00a0\u00a0\u00a0\u00a0\u00a0\u00a0\u00a0\u00a0\u00a0\u00a0\u00a0\u00a0\u00a0\u00a0\u00a0\u00a0\u00a0\u00a0\u00a0\u00a0\u00a0\u00a0\u00a0\u00a0\u00a0\u00a0\u00a0\u00a0\u00a0\u00a0\u00a0\u00a0\u00a0\u00a0\u00a0\u00a0\u00a0\u00a0\u00a0\u00a0\u00a0\u00a0\u00a0\u00a0\u00a0\u00a0\u00a0\u00a0\u00a0\u00a0\u00a0\u00a0 Hermanas de la Cruz<\/p>\n<p>Jes\u00fas de la Caridad\u00a0\u00a0\u00a0\u00a0\u00a0\u00a0\u00a0\u00a0\u00a0\u00a0\u00a0\u00a0\u00a0\u00a0\u00a0\u00a0\u00a0\u00a0\u00a0\u00a0\u00a0\u00a0\u00a0\u00a0\u00a0\u00a0\u00a0\u00a0\u00a0\u00a0\u00a0\u00a0\u00a0\u00a0\u00a0\u00a0\u00a0\u00a0\u00a0\u00a0\u00a0\u00a0\u00a0\u00a0\u00a0\u00a0\u00a0\u00a0\u00a0\u00a0\u00a0\u00a0\u00a0\u00a0\u00a0 Francisco Jos\u00e9 Carrasco<\/p>\n<p>Heredar\u00e1s mi reino\u00a0\u00a0\u00a0\u00a0\u00a0\u00a0\u00a0\u00a0\u00a0\u00a0\u00a0\u00a0\u00a0\u00a0\u00a0\u00a0\u00a0\u00a0\u00a0\u00a0\u00a0\u00a0\u00a0\u00a0\u00a0\u00a0\u00a0\u00a0\u00a0\u00a0\u00a0\u00a0\u00a0\u00a0\u00a0\u00a0\u00a0\u00a0\u00a0\u00a0\u00a0\u00a0\u00a0\u00a0\u00a0\u00a0\u00a0\u00a0\u00a0\u00a0\u00a0\u00a0\u00a0\u00a0 Daniel Yubero<\/p>\n<p>Caminando van por tientos en la madruga\u00a0\u00a0\u00a0\u00a0\u00a0\u00a0\u00a0\u00a0\u00a0 M. A Font<\/p>\n<p>Sevilla en primavera\u00a0\u00a0\u00a0\u00a0\u00a0\u00a0\u00a0\u00a0\u00a0\u00a0\u00a0\u00a0\u00a0\u00a0\u00a0\u00a0\u00a0\u00a0\u00a0\u00a0\u00a0\u00a0\u00a0\u00a0\u00a0\u00a0\u00a0\u00a0\u00a0\u00a0\u00a0\u00a0\u00a0\u00a0\u00a0\u00a0\u00a0\u00a0\u00a0\u00a0\u00a0\u00a0\u00a0\u00a0\u00a0\u00a0\u00a0\u00a0\u00a0\u00a0\u00a0\u00a0 Francisco Ortiz y M.A. Font<\/p>\n<p>&nbsp;<\/p>\n<p>\u00a1OS ESPERAMOS!<\/p>\n<p><a href=\"http:\/\/amscb.com\/wp-content\/uploads\/2015\/03\/naza_astorga.jpg\"><img decoding=\"async\" loading=\"lazy\" class=\"alignnone size-full wp-image-1594\" src=\"http:\/\/amscb.com\/wp-content\/uploads\/2015\/03\/naza_astorga.jpg\" alt=\"naza_astorga\" width=\"600\" height=\"823\" srcset=\"https:\/\/amscb.com\/wp-content\/uploads\/2015\/03\/naza_astorga.jpg 600w, https:\/\/amscb.com\/wp-content\/uploads\/2015\/03\/naza_astorga-219x300.jpg 219w\" sizes=\"(max-width: 600px) 100vw, 600px\" \/><\/a><\/p>\n","protected":false},"excerpt":{"rendered":"<p>Este s\u00e1bado nos desplazaremos a la localidad de Astorga con motivo de la VII Convivencia Musical Nazareno y Soledad, organizada por nuestros compa\u00f1eros de La Banda de Cornetas y Tambores Nazareno y Soledad. El acto comenzar\u00e1 a las 19:30 en el Sal\u00f3n de Actos del Instituto de Ense\u00f1anza Secundaria de Astorga, teniendo un car\u00e1cter ben\u00e9fico, [&hellip;]<\/p>\n","protected":false},"author":1,"featured_media":1594,"comment_status":"open","ping_status":"open","sticky":false,"template":"","format":"image","meta":[],"categories":[],"tags":[],"_links":{"self":[{"href":"https:\/\/amscb.com\/index.php?rest_route=\/wp\/v2\/posts\/1593"}],"collection":[{"href":"https:\/\/amscb.com\/index.php?rest_route=\/wp\/v2\/posts"}],"about":[{"href":"https:\/\/amscb.com\/index.php?rest_route=\/wp\/v2\/types\/post"}],"author":[{"embeddable":true,"href":"https:\/\/amscb.com\/index.php?rest_route=\/wp\/v2\/users\/1"}],"replies":[{"embeddable":true,"href":"https:\/\/amscb.com\/index.php?rest_route=%2Fwp%2Fv2%2Fcomments&post=1593"}],"version-history":[{"count":1,"href":"https:\/\/amscb.com\/index.php?rest_route=\/wp\/v2\/posts\/1593\/revisions"}],"predecessor-version":[{"id":1595,"href":"https:\/\/amscb.com\/index.php?rest_route=\/wp\/v2\/posts\/1593\/revisions\/1595"}],"wp:featuredmedia":[{"embeddable":true,"href":"https:\/\/amscb.com\/index.php?rest_route=\/wp\/v2\/media\/1594"}],"wp:attachment":[{"href":"https:\/\/amscb.com\/index.php?rest_route=%2Fwp%2Fv2%2Fmedia&parent=1593"}],"wp:term":[{"taxonomy":"category","embeddable":true,"href":"https:\/\/amscb.com\/index.php?rest_route=%2Fwp%2Fv2%2Fcategories&post=1593"},{"taxonomy":"post_tag","embeddable":true,"href":"https:\/\/amscb.com\/index.php?rest_route=%2Fwp%2Fv2%2Ftags&post=1593"}],"curies":[{"name":"wp","href":"https:\/\/api.w.org\/{rel}","templated":true}]}}