{"id":1606,"date":"2015-03-20T15:02:54","date_gmt":"2015-03-20T15:02:54","guid":{"rendered":"http:\/\/amscb.com\/?p=1606"},"modified":"2015-03-20T15:02:54","modified_gmt":"2015-03-20T15:02:54","slug":"vi-certamen-nacional-de-bandas-carbajosa-de-la-sagrada-salamanca","status":"publish","type":"post","link":"https:\/\/amscb.com\/?p=1606","title":{"rendered":"VI Certamen Nacional de Bandas, Carbajosa de la Sagrada, Salamanca"},"content":{"rendered":"<p>Este domingo 22 de Marzo cerraremos esta Cuaresma 2015 en la localidad de Carbajosa de la Sagrada, Salamanca, en el VI Certamen Nacional de Bandas.<\/p>\n<p>&nbsp;<\/p>\n<p>El acto se iniciar\u00e1 en torno a las 11:00 de la ma\u00f1ana con un peque\u00f1o pasacalles, inici\u00e1ndose el certamen a las 11:30.<\/p>\n<p>&nbsp;<\/p>\n<p>El repertorio elegido para la ocasi\u00f3n es el siguiente:<\/p>\n<p>&nbsp;<\/p>\n<p>Heredar\u00e1s mi Reino\u00a0\u00a0\u00a0\u00a0\u00a0\u00a0\u00a0\u00a0\u00a0\u00a0\u00a0\u00a0\u00a0\u00a0\u00a0\u00a0\u00a0\u00a0\u00a0\u00a0\u00a0\u00a0\u00a0\u00a0\u00a0\u00a0\u00a0\u00a0\u00a0\u00a0\u00a0\u00a0\u00a0\u00a0\u00a0\u00a0\u00a0\u00a0 Daniel Yubero.<\/p>\n<p>Gitano de Sevilla\u00a0\u00a0\u00a0\u00a0\u00a0\u00a0\u00a0\u00a0\u00a0\u00a0\u00a0\u00a0\u00a0\u00a0\u00a0\u00a0\u00a0\u00a0\u00a0\u00a0\u00a0\u00a0\u00a0\u00a0\u00a0\u00a0\u00a0\u00a0\u00a0\u00a0\u00a0\u00a0\u00a0\u00a0\u00a0\u00a0\u00a0\u00a0\u00a0\u00a0\u00a0\u00a0\u00a0\u00a0 Paco Lola.<\/p>\n<p>Al Abad de San Claudio\u00a0\u00a0\u00a0\u00a0\u00a0\u00a0\u00a0\u00a0\u00a0\u00a0\u00a0\u00a0\u00a0\u00a0\u00a0\u00a0\u00a0\u00a0\u00a0\u00a0\u00a0\u00a0\u00a0\u00a0\u00a0\u00a0\u00a0\u00a0\u00a0\u00a0\u00a0 Manuel J. Gonz\u00e1lez<\/p>\n<p>Sevilla en primavera\u00a0\u00a0\u00a0\u00a0\u00a0\u00a0\u00a0\u00a0\u00a0\u00a0\u00a0\u00a0\u00a0\u00a0\u00a0\u00a0\u00a0\u00a0\u00a0\u00a0\u00a0\u00a0\u00a0\u00a0\u00a0\u00a0\u00a0\u00a0\u00a0\u00a0\u00a0\u00a0\u00a0\u00a0\u00a0\u00a0\u00a0 Miguel \u00c1ngel Font<\/p>\n<p>&nbsp;<\/p>\n<p>&nbsp;<\/p>\n<p>\u00a1Os esperamos!<\/p>\n","protected":false},"excerpt":{"rendered":"<p>Este domingo 22 de Marzo cerraremos esta Cuaresma 2015 en la localidad de Carbajosa de la Sagrada, Salamanca, en el VI Certamen Nacional de Bandas. &nbsp; El acto se iniciar\u00e1 en torno a las 11:00 de la ma\u00f1ana con un peque\u00f1o pasacalles, inici\u00e1ndose el certamen a las 11:30. &nbsp; El repertorio elegido para la ocasi\u00f3n [&hellip;]<\/p>\n","protected":false},"author":1,"featured_media":1607,"comment_status":"open","ping_status":"open","sticky":false,"template":"","format":"standard","meta":[],"categories":[],"tags":[],"_links":{"self":[{"href":"https:\/\/amscb.com\/index.php?rest_route=\/wp\/v2\/posts\/1606"}],"collection":[{"href":"https:\/\/amscb.com\/index.php?rest_route=\/wp\/v2\/posts"}],"about":[{"href":"https:\/\/amscb.com\/index.php?rest_route=\/wp\/v2\/types\/post"}],"author":[{"embeddable":true,"href":"https:\/\/amscb.com\/index.php?rest_route=\/wp\/v2\/users\/1"}],"replies":[{"embeddable":true,"href":"https:\/\/amscb.com\/index.php?rest_route=%2Fwp%2Fv2%2Fcomments&post=1606"}],"version-history":[{"count":1,"href":"https:\/\/amscb.com\/index.php?rest_route=\/wp\/v2\/posts\/1606\/revisions"}],"predecessor-version":[{"id":1608,"href":"https:\/\/amscb.com\/index.php?rest_route=\/wp\/v2\/posts\/1606\/revisions\/1608"}],"wp:featuredmedia":[{"embeddable":true,"href":"https:\/\/amscb.com\/index.php?rest_route=\/wp\/v2\/media\/1607"}],"wp:attachment":[{"href":"https:\/\/amscb.com\/index.php?rest_route=%2Fwp%2Fv2%2Fmedia&parent=1606"}],"wp:term":[{"taxonomy":"category","embeddable":true,"href":"https:\/\/amscb.com\/index.php?rest_route=%2Fwp%2Fv2%2Fcategories&post=1606"},{"taxonomy":"post_tag","embeddable":true,"href":"https:\/\/amscb.com\/index.php?rest_route=%2Fwp%2Fv2%2Ftags&post=1606"}],"curies":[{"name":"wp","href":"https:\/\/api.w.org\/{rel}","templated":true}]}}