{"id":1623,"date":"2015-10-22T17:42:12","date_gmt":"2015-10-22T17:42:12","guid":{"rendered":"http:\/\/amscb.com\/?p=1623"},"modified":"2015-10-22T17:42:12","modified_gmt":"2015-10-22T17:42:12","slug":"san-claudio-2015","status":"publish","type":"post","link":"https:\/\/amscb.com\/?p=1623","title":{"rendered":"San Claudio 2015"},"content":{"rendered":"<p>Este domingo 25 de Octubre el barrio de San Claudio volver\u00e1 a sonar a Bienaventuranza.<\/p>\n<p>&nbsp;<\/p>\n<p>Este pr\u00f3ximo domingo tendremos nuestra primera actuaci\u00f3n del curso cofrade 2015-16 en nuestro querido barrio de San Claudio con motivo de la toma de posesi\u00f3n de Do\u00f1a Maria Jos\u00e9 Gonz\u00e1lez Chamorro as\u00ed como de la festividad de San Claudio.<\/p>\n<p>La agrupaci\u00f3n arrancar\u00e1 en torno a las 11:00 de la ma\u00f1ana de la Plaza del Congreso Eucar\u00edstico para recoger a toda la Junta de Seises de la sede de la cofrad\u00eda situada en la Calle Cipriano de la Huerga 10, desde donde se realizar\u00e1 un peque\u00f1o pasacalles hasta la iglesia de San Claudio.<\/p>\n<p>A las 12:00 tendr\u00e1 lugar una peque\u00f1a procesi\u00f3n en la que la imagen de San Claudio recorrer\u00e1 las calles de su feligres\u00eda.<\/p>\n<p>Al finalizar la procesi\u00f3n se iniciar\u00e1 la misa, concluyendo la misma con un peque\u00f1o concierto de nuestra formaci\u00f3n.<\/p>\n<p>La agrupaci\u00f3n estrenar\u00e1 dos nuevas composiciones en esta fecha tan se\u00f1alada, la primera una composici\u00f3n propia de paso ordinario realizada por el sevillano Don Manuel Jes\u00fas Gonz\u00e1lez que lleva por t\u00edtulo \u201cBienaventurados\u201d, a su vez, en el concierto se estrenar\u00e1 la marcha \u201cLa herencia del Maestro\u201d compuesta por Don Antonio Amodeo como homenaje a Don Manuel Rodr\u00edguez Ru\u00edz, gran promovedor y compositor del estilo de agrupaci\u00f3n musical que nos dej\u00f3 el pasado 2013.<\/p>\n<p>&nbsp;<\/p>\n<p>\u00a1Os esperamos!<\/p>\n<p>&nbsp;<\/p>\n<p>&nbsp;<\/p>\n","protected":false},"excerpt":{"rendered":"<p>Este domingo 25 de Octubre el barrio de San Claudio volver\u00e1 a sonar a Bienaventuranza. &nbsp; Este pr\u00f3ximo domingo tendremos nuestra primera actuaci\u00f3n del curso cofrade 2015-16 en nuestro querido barrio de San Claudio con motivo de la toma de posesi\u00f3n de Do\u00f1a Maria Jos\u00e9 Gonz\u00e1lez Chamorro as\u00ed como de la festividad de San Claudio. [&hellip;]<\/p>\n","protected":false},"author":1,"featured_media":1624,"comment_status":"open","ping_status":"open","sticky":false,"template":"","format":"standard","meta":[],"categories":[],"tags":[],"_links":{"self":[{"href":"https:\/\/amscb.com\/index.php?rest_route=\/wp\/v2\/posts\/1623"}],"collection":[{"href":"https:\/\/amscb.com\/index.php?rest_route=\/wp\/v2\/posts"}],"about":[{"href":"https:\/\/amscb.com\/index.php?rest_route=\/wp\/v2\/types\/post"}],"author":[{"embeddable":true,"href":"https:\/\/amscb.com\/index.php?rest_route=\/wp\/v2\/users\/1"}],"replies":[{"embeddable":true,"href":"https:\/\/amscb.com\/index.php?rest_route=%2Fwp%2Fv2%2Fcomments&post=1623"}],"version-history":[{"count":2,"href":"https:\/\/amscb.com\/index.php?rest_route=\/wp\/v2\/posts\/1623\/revisions"}],"predecessor-version":[{"id":1626,"href":"https:\/\/amscb.com\/index.php?rest_route=\/wp\/v2\/posts\/1623\/revisions\/1626"}],"wp:featuredmedia":[{"embeddable":true,"href":"https:\/\/amscb.com\/index.php?rest_route=\/wp\/v2\/media\/1624"}],"wp:attachment":[{"href":"https:\/\/amscb.com\/index.php?rest_route=%2Fwp%2Fv2%2Fmedia&parent=1623"}],"wp:term":[{"taxonomy":"category","embeddable":true,"href":"https:\/\/amscb.com\/index.php?rest_route=%2Fwp%2Fv2%2Fcategories&post=1623"},{"taxonomy":"post_tag","embeddable":true,"href":"https:\/\/amscb.com\/index.php?rest_route=%2Fwp%2Fv2%2Ftags&post=1623"}],"curies":[{"name":"wp","href":"https:\/\/api.w.org\/{rel}","templated":true}]}}