{"id":1677,"date":"2016-01-27T17:42:08","date_gmt":"2016-01-27T17:42:08","guid":{"rendered":"http:\/\/amscb.com\/?p=1677"},"modified":"2016-01-27T17:42:08","modified_gmt":"2016-01-27T17:42:08","slug":"ii-concierto-solidario-de-musica-y-bailes","status":"publish","type":"post","link":"https:\/\/amscb.com\/?p=1677","title":{"rendered":"II CONCIERTO SOLIDARIO de M\u00fasica y Bailes"},"content":{"rendered":"<p>El domingo, 31 de enero, a partir de las 18 horas en el Auditorio Ciudad de Le\u00f3n participamos en el concierto <em>a favor de los ni\u00f1os en riesgo de exclusi\u00f3n social que acuden al Centro de Educaci\u00f3n Infantil\/Guarder\u00eda Hogar de la Esperanza.<\/em><\/p>\n<p><em>Con el fin de recaudar fondos y contribuir as\u00ed al sostenimiento de la Fundaci\u00f3n, la aportaci\u00f3n econ\u00f3mica para acudir al Concierto es de 3 euros y las entradas se pueden adquirir en la taquilla del Auditorio en el horario habitual de venta anticipada.<\/em><\/p>\n<p><em>La Fundaci\u00f3n cuenta tambi\u00e9n con una \u201cfila cero\u201d para quien desee realizar aportaciones en el siguiente n\u00famero de cuenta: ES84 2096 0038 6533 7283 0504.<\/em><\/p>\n<p><em>Participan tambi\u00e9n en el Concierto: Banda de M\u00fasica de la Cofrad\u00eda Dulce Nombre de Jes\u00fas Nazareno, Agrupaci\u00f3n Musical de la Cofrad\u00eda Cristo del Gran Poder, Banda de la Cofrad\u00eda Santo Cristo del Desenclavo, Banda de Cornetas y Tambores de la Cofrad\u00eda Angustias y Soledad y Banda de M\u00fasica de la Cofrad\u00eda Santo Cristo del Perd\u00f3n.<\/em><\/p>\n<p><em>Nuestra Agrupaci\u00f3n interpretar\u00e1 las siguientes marchas:<\/em><\/p>\n<p><em>&#8211; Jes\u00fas de la Caridad (Francisco Jos\u00e9 Carrasco).<\/em><\/p>\n<p><em>&#8211; En tu dulce mirada (Alberto Villafa\u00f1e y \u00c1ngel Juan Esquivel).<\/em><\/p>\n<p><em>&#8211; Cautivo ante Pilatos (Mario Infante).<\/em><\/p>\n<p><a href=\"http:\/\/amscb.com\/wp-content\/uploads\/2016\/01\/ii.jpg\" rel=\"attachment wp-att-1678\"><img decoding=\"async\" loading=\"lazy\" class=\"alignnone size-large wp-image-1678\" src=\"http:\/\/amscb.com\/wp-content\/uploads\/2016\/01\/ii-768x1024.jpg\" alt=\"ii\" width=\"768\" height=\"1024\" srcset=\"https:\/\/amscb.com\/wp-content\/uploads\/2016\/01\/ii-768x1024.jpg 768w, https:\/\/amscb.com\/wp-content\/uploads\/2016\/01\/ii-225x300.jpg 225w, https:\/\/amscb.com\/wp-content\/uploads\/2016\/01\/ii.jpg 1200w\" sizes=\"(max-width: 768px) 100vw, 768px\" \/><\/a><\/p>\n","protected":false},"excerpt":{"rendered":"<p>El domingo, 31 de enero, a partir de las 18 horas en el Auditorio Ciudad de Le\u00f3n participamos en el concierto a favor de los ni\u00f1os en riesgo de exclusi\u00f3n social que acuden al Centro de Educaci\u00f3n Infantil\/Guarder\u00eda Hogar de la Esperanza. Con el fin de recaudar fondos y contribuir as\u00ed al sostenimiento de la [&hellip;]<\/p>\n","protected":false},"author":1,"featured_media":1678,"comment_status":"open","ping_status":"open","sticky":false,"template":"","format":"standard","meta":[],"categories":[],"tags":[],"_links":{"self":[{"href":"https:\/\/amscb.com\/index.php?rest_route=\/wp\/v2\/posts\/1677"}],"collection":[{"href":"https:\/\/amscb.com\/index.php?rest_route=\/wp\/v2\/posts"}],"about":[{"href":"https:\/\/amscb.com\/index.php?rest_route=\/wp\/v2\/types\/post"}],"author":[{"embeddable":true,"href":"https:\/\/amscb.com\/index.php?rest_route=\/wp\/v2\/users\/1"}],"replies":[{"embeddable":true,"href":"https:\/\/amscb.com\/index.php?rest_route=%2Fwp%2Fv2%2Fcomments&post=1677"}],"version-history":[{"count":1,"href":"https:\/\/amscb.com\/index.php?rest_route=\/wp\/v2\/posts\/1677\/revisions"}],"predecessor-version":[{"id":1679,"href":"https:\/\/amscb.com\/index.php?rest_route=\/wp\/v2\/posts\/1677\/revisions\/1679"}],"wp:featuredmedia":[{"embeddable":true,"href":"https:\/\/amscb.com\/index.php?rest_route=\/wp\/v2\/media\/1678"}],"wp:attachment":[{"href":"https:\/\/amscb.com\/index.php?rest_route=%2Fwp%2Fv2%2Fmedia&parent=1677"}],"wp:term":[{"taxonomy":"category","embeddable":true,"href":"https:\/\/amscb.com\/index.php?rest_route=%2Fwp%2Fv2%2Fcategories&post=1677"},{"taxonomy":"post_tag","embeddable":true,"href":"https:\/\/amscb.com\/index.php?rest_route=%2Fwp%2Fv2%2Ftags&post=1677"}],"curies":[{"name":"wp","href":"https:\/\/api.w.org\/{rel}","templated":true}]}}