{"id":1690,"date":"2016-02-08T17:23:20","date_gmt":"2016-02-08T17:23:20","guid":{"rendered":"http:\/\/amscb.com\/?p=1690"},"modified":"2016-02-25T16:30:44","modified_gmt":"2016-02-25T16:30:44","slug":"concierto-benefico-ayudemos-a-aurora","status":"publish","type":"post","link":"https:\/\/amscb.com\/?p=1690","title":{"rendered":"CONCIERTO BEN\u00c9FICO AYUDEMOS A AURORA"},"content":{"rendered":"<p>El s\u00e1bado, 20 de febrero, a las 19:00 horas en el Sal\u00f3n de Actos del Colegio Maristas San Jos\u00e9 (Le\u00f3n), celebraremos un concierto con fines ben\u00e9ficos a favor de Aurora.<\/p>\n<p>Aurora es una ni\u00f1a de Gij\u00f3n que padece un Nevus Melanocitoco, una rara enfermedad que cubre parte del rostro y de su cuello, esto obliga a realizar viajes frecuentemente a Madrid para su tratamiento.<\/p>\n<p>En esta ocasi\u00f3n, m\u00e1s que nunca, pedimos vuestra colaboraci\u00f3n. Pod\u00e9is adquirir las entradas para el concierto al precio de tres euros en los siguientes lugares, a partir del mi\u00e9rcoles 10 de febrero:<\/p>\n<ul>\n<li>Sede de la Cofrad\u00eda Santo Cristo de la Bienaventuranza, Cipriano de la Huerga, 10.<\/li>\n<li>Caf\u00e9 Bar Brezo, Cipriano de la Huerga, 20.<\/li>\n<li>Caf\u00e9 Bar Vychio, \u00c1lvaro L\u00f3pez N\u00fa\u00f1ez, 12.<\/li>\n<li>Le\u00f3n Musical, Villabenavente, 17.<\/li>\n<li>Taquilla del Sal\u00f3n Colegio Maristas, el mismo d\u00eda 20.<\/li>\n<\/ul>\n<p>Tambi\u00e9n se ha puesto en marcha una <em>Fila Cero<\/em>. Lo recaudado ser\u00e1 destinado \u00edntegramente para la causa de Aurora. Los interesados en realizar ingresos deben hacerlo en el n\u00famero de cuenta: <strong>ES 66 2100 4827 9221 0023 7509. Como concepto<em> Ayudemos a Aurora.<\/em><\/strong><\/p>\n<p><strong>La Agrupaci\u00f3n Musical Santo Cristo de la Bienaventuranza agradece a las bandas leonesas que desinteresadamente nos acompa\u00f1ar\u00e1n en el certamen:<\/strong><\/p>\n<ul>\n<li><strong>Banda de Cornetas y Tambores de la Cofrad\u00eda Dulce Nombre de Jes\u00fas Nazareno.<\/strong><\/li>\n<li><strong>Banda de Cornetas y Tambores del Sant\u00edsimo Sacramento de Minerva y la Santa Vera Cruz.<\/strong><\/li>\n<li><strong>Agrupaci\u00f3n Musical de la Cofrad\u00eda Cristo del Gran Poder.<\/strong><\/li>\n<li><strong>Banda de Cornetas y Tambores Sant\u00edsimo Cristo de la Victoria.<\/strong><\/li>\n<\/ul>\n<p>\u00a1Gracias compa\u00f1eros! Haremos todo lo que est\u00e9 en nuestra mano para ayudar a la peque\u00f1a de 6 a\u00f1os y su familia.<\/p>\n<p><a href=\"http:\/\/amscb.com\/wp-content\/uploads\/2016\/02\/Aurora_web.jpg\" rel=\"attachment wp-att-1691\"><img decoding=\"async\" loading=\"lazy\" class=\"size-large wp-image-1691 aligncenter\" src=\"http:\/\/amscb.com\/wp-content\/uploads\/2016\/02\/Aurora_web-697x1024.jpg\" alt=\"Aurora_web\" width=\"697\" height=\"1024\" srcset=\"https:\/\/amscb.com\/wp-content\/uploads\/2016\/02\/Aurora_web-697x1024.jpg 697w, https:\/\/amscb.com\/wp-content\/uploads\/2016\/02\/Aurora_web-204x300.jpg 204w, https:\/\/amscb.com\/wp-content\/uploads\/2016\/02\/Aurora_web-768x1128.jpg 768w, https:\/\/amscb.com\/wp-content\/uploads\/2016\/02\/Aurora_web.jpg 1512w\" sizes=\"(max-width: 697px) 100vw, 697px\" \/><\/a><\/p>\n","protected":false},"excerpt":{"rendered":"<p>El s\u00e1bado, 20 de febrero, a las 19:00 horas en el Sal\u00f3n de Actos del Colegio Maristas San Jos\u00e9 (Le\u00f3n), celebraremos un concierto con fines ben\u00e9ficos a favor de Aurora. Aurora es una ni\u00f1a de Gij\u00f3n que padece un Nevus Melanocitoco, una rara enfermedad que cubre parte del rostro y de su cuello, esto obliga [&hellip;]<\/p>\n","protected":false},"author":1,"featured_media":0,"comment_status":"open","ping_status":"open","sticky":false,"template":"","format":"standard","meta":[],"categories":[],"tags":[],"_links":{"self":[{"href":"https:\/\/amscb.com\/index.php?rest_route=\/wp\/v2\/posts\/1690"}],"collection":[{"href":"https:\/\/amscb.com\/index.php?rest_route=\/wp\/v2\/posts"}],"about":[{"href":"https:\/\/amscb.com\/index.php?rest_route=\/wp\/v2\/types\/post"}],"author":[{"embeddable":true,"href":"https:\/\/amscb.com\/index.php?rest_route=\/wp\/v2\/users\/1"}],"replies":[{"embeddable":true,"href":"https:\/\/amscb.com\/index.php?rest_route=%2Fwp%2Fv2%2Fcomments&post=1690"}],"version-history":[{"count":2,"href":"https:\/\/amscb.com\/index.php?rest_route=\/wp\/v2\/posts\/1690\/revisions"}],"predecessor-version":[{"id":1697,"href":"https:\/\/amscb.com\/index.php?rest_route=\/wp\/v2\/posts\/1690\/revisions\/1697"}],"wp:attachment":[{"href":"https:\/\/amscb.com\/index.php?rest_route=%2Fwp%2Fv2%2Fmedia&parent=1690"}],"wp:term":[{"taxonomy":"category","embeddable":true,"href":"https:\/\/amscb.com\/index.php?rest_route=%2Fwp%2Fv2%2Fcategories&post=1690"},{"taxonomy":"post_tag","embeddable":true,"href":"https:\/\/amscb.com\/index.php?rest_route=%2Fwp%2Fv2%2Ftags&post=1690"}],"curies":[{"name":"wp","href":"https:\/\/api.w.org\/{rel}","templated":true}]}}