{"id":1723,"date":"2016-03-08T23:35:25","date_gmt":"2016-03-08T23:35:25","guid":{"rendered":"http:\/\/amscb.com\/?p=1723"},"modified":"2016-03-09T01:06:16","modified_gmt":"2016-03-09T01:06:16","slug":"concierto-en-casa-de-galicia-en-leon","status":"publish","type":"post","link":"https:\/\/amscb.com\/?p=1723","title":{"rendered":"CONCIERTO EN LA \u201cCASA DE GALICIA EN LE\u00d3N\u201d"},"content":{"rendered":"<p>El s\u00e1bado, 12 de marzo, seremos los encargados de ofrecer el concierto de m\u00fasica de Semana Santa de la <em>Casa de Galicia en Le\u00f3n<\/em> (Carretera de Vilecha, s\/n, Trobajo del Cerecedo, Le\u00f3n). La asociaci\u00f3n abre sus puertas a todo aquel que desee asistir.<\/p>\n<p>La actuaci\u00f3n dar\u00e1 comienzo a las 20:30 horas e interpretaremos un buen n\u00famero de composiciones que nos evocar\u00e1n distintos momentos de la semana de Pasi\u00f3n. Piezas cl\u00e1sicas y los \u00faltimos estrenos formar\u00e1n parte de nuestro repertorio:<\/p>\n<ul>\n<li><em>Entre rosas y espinas<\/em> (\u00c1ngel Esquivel Alarma).<\/li>\n<li><em>Nazarenos de Pasi\u00f3n<\/em> (\u00c1ngel Esquivel Alarma).<\/li>\n<li><em>Se\u00f1or danos tu Bendici\u00f3n<\/em> (Mario Infante).<\/li>\n<li><em>Costalero<\/em> (hermanos S\u00e1nchez Berenguer).<\/li>\n<li><em>Heredar\u00e1s mi Reino<\/em> (Daniel Yubero).<\/li>\n<li><em>Gitano de Sevilla<\/em> (Paco Lola).<\/li>\n<li><em>Al Abad de San Claudio<\/em> (Manuel Jes\u00fas Gonz\u00e1lez).<\/li>\n<li><em>Caminando va, por tientos en la<\/em> madrug\u00e1 (Miguel \u00c1ngel Font).<\/li>\n<li><em>En tu dulce mirada<\/em> (Alberto Villafa\u00f1e y \u00c1ngel Esquivel Alarma).<\/li>\n<li><em>La Tierra Prometida<\/em> (Miguel \u00c1ngel Font y Manuel J. Guerrero).<\/li>\n<\/ul>\n<p><a href=\"http:\/\/amscb.com\/wp-content\/uploads\/2016\/03\/CARTEL-BIENAVENTURANZA-Casa-Galicia.jpg\" rel=\"attachment wp-att-1724\"><img decoding=\"async\" loading=\"lazy\" class=\"aligncenter wp-image-1724 size-large\" src=\"http:\/\/amscb.com\/wp-content\/uploads\/2016\/03\/CARTEL-BIENAVENTURANZA-Casa-Galicia-1024x700.jpg\" alt=\"CARTEL BIENAVENTURANZA Casa Galicia\" width=\"960\" height=\"656\" srcset=\"https:\/\/amscb.com\/wp-content\/uploads\/2016\/03\/CARTEL-BIENAVENTURANZA-Casa-Galicia-1024x700.jpg 1024w, https:\/\/amscb.com\/wp-content\/uploads\/2016\/03\/CARTEL-BIENAVENTURANZA-Casa-Galicia-300x205.jpg 300w, https:\/\/amscb.com\/wp-content\/uploads\/2016\/03\/CARTEL-BIENAVENTURANZA-Casa-Galicia-768x525.jpg 768w\" sizes=\"(max-width: 960px) 100vw, 960px\" \/><\/a><\/p>\n","protected":false},"excerpt":{"rendered":"<p>El s\u00e1bado, 12 de marzo, seremos los encargados de ofrecer el concierto de m\u00fasica de Semana Santa de la Casa de Galicia en Le\u00f3n (Carretera de Vilecha, s\/n, Trobajo del Cerecedo, Le\u00f3n). La asociaci\u00f3n abre sus puertas a todo aquel que desee asistir. La actuaci\u00f3n dar\u00e1 comienzo a las 20:30 horas e interpretaremos un buen [&hellip;]<\/p>\n","protected":false},"author":2,"featured_media":0,"comment_status":"open","ping_status":"open","sticky":false,"template":"","format":"standard","meta":[],"categories":[],"tags":[],"_links":{"self":[{"href":"https:\/\/amscb.com\/index.php?rest_route=\/wp\/v2\/posts\/1723"}],"collection":[{"href":"https:\/\/amscb.com\/index.php?rest_route=\/wp\/v2\/posts"}],"about":[{"href":"https:\/\/amscb.com\/index.php?rest_route=\/wp\/v2\/types\/post"}],"author":[{"embeddable":true,"href":"https:\/\/amscb.com\/index.php?rest_route=\/wp\/v2\/users\/2"}],"replies":[{"embeddable":true,"href":"https:\/\/amscb.com\/index.php?rest_route=%2Fwp%2Fv2%2Fcomments&post=1723"}],"version-history":[{"count":5,"href":"https:\/\/amscb.com\/index.php?rest_route=\/wp\/v2\/posts\/1723\/revisions"}],"predecessor-version":[{"id":1731,"href":"https:\/\/amscb.com\/index.php?rest_route=\/wp\/v2\/posts\/1723\/revisions\/1731"}],"wp:attachment":[{"href":"https:\/\/amscb.com\/index.php?rest_route=%2Fwp%2Fv2%2Fmedia&parent=1723"}],"wp:term":[{"taxonomy":"category","embeddable":true,"href":"https:\/\/amscb.com\/index.php?rest_route=%2Fwp%2Fv2%2Fcategories&post=1723"},{"taxonomy":"post_tag","embeddable":true,"href":"https:\/\/amscb.com\/index.php?rest_route=%2Fwp%2Fv2%2Ftags&post=1723"}],"curies":[{"name":"wp","href":"https:\/\/api.w.org\/{rel}","templated":true}]}}