{"id":1732,"date":"2016-03-10T00:36:18","date_gmt":"2016-03-10T00:36:18","guid":{"rendered":"http:\/\/amscb.com\/?p=1732"},"modified":"2016-03-10T08:26:42","modified_gmt":"2016-03-10T08:26:42","slug":"presentacion-de-nuestro-senor-jesus-nazareno","status":"publish","type":"post","link":"https:\/\/amscb.com\/?p=1732","title":{"rendered":"PRESENTACI\u00d3N DE NUESTRO SE\u00d1OR JES\u00daS NAZARENO"},"content":{"rendered":"<p>Este domingo, 13 de marzo, a las 13:30 horas en la Iglesia de San Claudio, se realizar\u00e1 la presentaci\u00f3n, solemne bendici\u00f3n y besapi\u00e9 de Nuestro Se\u00f1or Jes\u00fas Nazareno, imagen principal del nuevo conjunto escult\u00f3rico para nuestra Cofrad\u00eda Santo Cristo de la Bienaventuranza, realizado por Ana Rey y \u00c1ngel Pantoja.<\/p>\n<p>Nos complace participar en el acto y estrenar durante el mismo una marcha dedicada al nuevo Nazareno de San Claudio: <em>Iesum Nazarenum.<\/em><\/p>\n<p><em>Iesum Nazarenum<\/em> es una composici\u00f3n realizada en exclusiva para nuestra Agrupaci\u00f3n por Alberto Villafa\u00f1e, Director de la Banda de Cornetas y Tambores de Minerva y Vera Cruz de Le\u00f3n. Es\u00a0la segunda marcha que el compositor leon\u00e9s elabora para nosotros, tras <em>En tu dulce mirada<\/em> (de autor\u00eda compartida con \u00c1ngel Esquivel). La nueva pieza musical combina a la perfecci\u00f3n pasajes de corte sobrio con otros de claro aire flamenco, aun\u00e1ndose en un en\u00e9rgico final.<\/p>\n<p><a href=\"http:\/\/amscb.com\/wp-content\/uploads\/2016\/03\/Presentaci\u00f3n_web.jpg\" rel=\"attachment wp-att-1733\"><img decoding=\"async\" loading=\"lazy\" class=\"aligncenter wp-image-1733 size-large\" src=\"http:\/\/amscb.com\/wp-content\/uploads\/2016\/03\/Presentaci\u00f3n_web-680x1024.jpg\" alt=\"Presentaci\u00f3n_web\" width=\"680\" height=\"1024\" srcset=\"https:\/\/amscb.com\/wp-content\/uploads\/2016\/03\/Presentaci\u00f3n_web-680x1024.jpg 680w, https:\/\/amscb.com\/wp-content\/uploads\/2016\/03\/Presentaci\u00f3n_web-199x300.jpg 199w, https:\/\/amscb.com\/wp-content\/uploads\/2016\/03\/Presentaci\u00f3n_web-768x1156.jpg 768w, https:\/\/amscb.com\/wp-content\/uploads\/2016\/03\/Presentaci\u00f3n_web.jpg 1566w\" sizes=\"(max-width: 680px) 100vw, 680px\" \/><\/a><\/p>\n","protected":false},"excerpt":{"rendered":"<p>Este domingo, 13 de marzo, a las 13:30 horas en la Iglesia de San Claudio, se realizar\u00e1 la presentaci\u00f3n, solemne bendici\u00f3n y besapi\u00e9 de Nuestro Se\u00f1or Jes\u00fas Nazareno, imagen principal del nuevo conjunto escult\u00f3rico para nuestra Cofrad\u00eda Santo Cristo de la Bienaventuranza, realizado por Ana Rey y \u00c1ngel Pantoja. Nos complace participar en el acto [&hellip;]<\/p>\n","protected":false},"author":2,"featured_media":0,"comment_status":"open","ping_status":"open","sticky":false,"template":"","format":"standard","meta":[],"categories":[],"tags":[],"_links":{"self":[{"href":"https:\/\/amscb.com\/index.php?rest_route=\/wp\/v2\/posts\/1732"}],"collection":[{"href":"https:\/\/amscb.com\/index.php?rest_route=\/wp\/v2\/posts"}],"about":[{"href":"https:\/\/amscb.com\/index.php?rest_route=\/wp\/v2\/types\/post"}],"author":[{"embeddable":true,"href":"https:\/\/amscb.com\/index.php?rest_route=\/wp\/v2\/users\/2"}],"replies":[{"embeddable":true,"href":"https:\/\/amscb.com\/index.php?rest_route=%2Fwp%2Fv2%2Fcomments&post=1732"}],"version-history":[{"count":4,"href":"https:\/\/amscb.com\/index.php?rest_route=\/wp\/v2\/posts\/1732\/revisions"}],"predecessor-version":[{"id":1738,"href":"https:\/\/amscb.com\/index.php?rest_route=\/wp\/v2\/posts\/1732\/revisions\/1738"}],"wp:attachment":[{"href":"https:\/\/amscb.com\/index.php?rest_route=%2Fwp%2Fv2%2Fmedia&parent=1732"}],"wp:term":[{"taxonomy":"category","embeddable":true,"href":"https:\/\/amscb.com\/index.php?rest_route=%2Fwp%2Fv2%2Fcategories&post=1732"},{"taxonomy":"post_tag","embeddable":true,"href":"https:\/\/amscb.com\/index.php?rest_route=%2Fwp%2Fv2%2Ftags&post=1732"}],"curies":[{"name":"wp","href":"https:\/\/api.w.org\/{rel}","templated":true}]}}