{"id":1742,"date":"2016-03-17T23:04:48","date_gmt":"2016-03-17T23:04:48","guid":{"rendered":"http:\/\/amscb.com\/?p=1742"},"modified":"2016-03-17T23:04:48","modified_gmt":"2016-03-17T23:04:48","slug":"repertorio-2016","status":"publish","type":"post","link":"https:\/\/amscb.com\/?p=1742","title":{"rendered":"REPERTORIO 2016"},"content":{"rendered":"<p><a href=\"http:\/\/amscb.com\/wp-content\/uploads\/2016\/03\/12823439_10154059499344319_2284019815000019771_o.jpg\" rel=\"attachment wp-att-1747\"><img decoding=\"async\" loading=\"lazy\" class=\"alignright wp-image-1747 size-medium\" src=\"http:\/\/amscb.com\/wp-content\/uploads\/2016\/03\/12823439_10154059499344319_2284019815000019771_o-199x300.jpg\" alt=\"12823439_10154059499344319_2284019815000019771_o\" width=\"199\" height=\"300\" srcset=\"https:\/\/amscb.com\/wp-content\/uploads\/2016\/03\/12823439_10154059499344319_2284019815000019771_o-199x300.jpg 199w, https:\/\/amscb.com\/wp-content\/uploads\/2016\/03\/12823439_10154059499344319_2284019815000019771_o-768x1155.jpg 768w, https:\/\/amscb.com\/wp-content\/uploads\/2016\/03\/12823439_10154059499344319_2284019815000019771_o-681x1024.jpg 681w, https:\/\/amscb.com\/wp-content\/uploads\/2016\/03\/12823439_10154059499344319_2284019815000019771_o.jpg 886w\" sizes=\"(max-width: 199px) 100vw, 199px\" \/><\/a>El pasado domingo en la Iglesia de San Claudio, rodeados por nuestra familia y amigos y cobijados por las sagradas im\u00e1genes de nuestra Cofrad\u00eda, estren\u00e1bamos la marcha\u00a0<em><a href=\"https:\/\/www.youtube.com\/watch?v=AMFrFbjAf6U&amp;feature=youtu.be&amp;t=1s\" target=\"_blank\">Iesum Nazarenum<\/a><\/em>. Dando por cerrado, as\u00ed, nuestro repertorio para la inminente Semana Santa.<\/p>\n<p>60 son las marchas con las que la Agrupaci\u00f3n cuenta para acompa\u00f1ar a los pasos de las distintas cofrad\u00edas y hermandades. Composiciones destinadas a secundar, aliviar y favorecer la buena puja de los hermanos.<\/p>\n<p>A continuaci\u00f3n, mostramos el listado de marchas, que tambi\u00e9n est\u00e1 disponible en el apartado <em><a href=\"http:\/\/amscb.com\/?page_id=1317\" target=\"_blank\">Repertorio<\/a><\/em>\u00a0de nuestra p\u00e1gina web:<\/p>\n<ul>\n<li><em>Al Abad de San Claudio<\/em> (Manuel J. Gonz\u00e1lez).<\/li>\n<li><em>\u00a1A la Gloria!<\/em> (Miguel \u00c1ngel Font).<\/li>\n<li><em>Al Cristo de los Faroles<\/em> (Daniel Montoiro y Miguel \u00c1ngel Font).<\/li>\n<li><em>Al Dios de la Bienaventuranza<\/em> (Jos\u00e9 Manuel S\u00e1nchez Molero).<\/li>\n<li><em>Alma de Dios<\/em> (Maestro Serrano).<\/li>\n<li><em>A mi Esperanza<\/em> (Luis Sergio de Juan).<\/li>\n<li><em>A ti, Carmelo<\/em> (Luis Sergio de Juan).<\/li>\n<li><em>Azucena de Sevilla<\/em> (Hermanas de la Cruz, adaptaci\u00f3n Antonio Amodeo).<\/li>\n<li><em>Caminando va, por tientos en la madrug\u00e1<\/em> (Miguel \u00c1ngel Font).<\/li>\n<li><em>Capataz que est\u00e1s en los Cielos<\/em> (\u00c1ngel Esquivel Alarma).<\/li>\n<li><em>Caridad del Guadalquivir<\/em> (Paco Lola).<\/li>\n<li><em>Cautivo ante Pilatos<\/em> (Mario Infante Jurado).<\/li>\n<li><em>Cerca de ti, Se\u00f1or<\/em> (Lowell Mason).<\/li>\n<li><em>Christus Vincit<\/em> (H. Kurnz).<\/li>\n<li><em>Consuelo Gitano<\/em> (Antonio Velasco).<\/li>\n<li><em>Costalero<\/em> (Hermanos Berenguer).<\/li>\n<li><em>Costaleros del Amor<\/em> (Alejandro Moreno).<\/li>\n<li><em>Creo en Jes\u00fas<\/em> (Canto lit\u00fargico).<\/li>\n<li><em>Entre rosas y espinas<\/em> (\u00c1ngel Esquivel Alarma).<\/li>\n<li><em>En tu dulce mirada<\/em> (Alberto Villafa\u00f1e y \u00c1ngel Esquivel).<\/li>\n<li><em>Estrella, Reina del Cielo<\/em> (Jos\u00e9 Manuel Mena Herv\u00e1s).<\/li>\n<li><em>Gitano de Sevilla<\/em> (Miguel \u00c1ngel Font y Paco Lola).<\/li>\n<li><em>Heredar\u00e1s mi Reino<\/em> (Daniel Yubero).<\/li>\n<li><em>Himno de San Antonio<\/em> (A. Godino Villar).<\/li>\n<li><strong><em>Iesum Nazarenum<\/em><\/strong><strong> (Alberto Villafa\u00f1e). Estreno.<\/strong><\/li>\n<li><em>Jes\u00fas de la Caridad<\/em> (Francisco Jos\u00e9 Carrasco).<\/li>\n<li><em>Juder\u00eda Sevillana<\/em> (Alejandro Blanco).<\/li>\n<li><strong><em>La Herencia del Maestro<\/em><\/strong><strong> (A. Amodeo). Estreno.<\/strong><\/li>\n<li><strong><em>La Pasi\u00f3n de una Madre<\/em><\/strong><strong> (Manuel J. Gonz\u00e1lez). Estreno.<\/strong><\/li>\n<li><em>La Saeta<\/em> (Joan Manuel Serrat).<\/li>\n<li><em>La Salve<\/em> (Jos\u00e9 Mart\u00edn).<\/li>\n<li><em>La Soledad del Cautivo<\/em> (Francisco Jos\u00e9 Carrasco).<\/li>\n<li><strong><em>La Tierra Prometida<\/em><\/strong><strong> (Manuel J. Guerrero y Miguel \u00c1ngel Font). Estreno.<\/strong><\/li>\n<li><em>Los ni\u00f1os hebreos<\/em> (F. Palaz\u00f3n).<\/li>\n<li><em>Nazareno y Gitano<\/em> (Pascual Gonz\u00e1lez).<\/li>\n<li><strong><em>Nazarenos de Pasi\u00f3n<\/em><\/strong><strong> (\u00c1ngel Esquivel Alarma). Estreno.<\/strong><\/li>\n<li><em>Madre del Refugio<\/em> (Popular).<\/li>\n<li><em>\u00a1Oh Bendita Estrella!<\/em> (Jos\u00e9 Manuel Mena Herv\u00e1s).<\/li>\n<li><em>Oraci\u00f3n<\/em> (Jos\u00e9 Manuel Mena Herv\u00e1s).<\/li>\n<li><em>Pangue Lingua<\/em> (Adaptaci\u00f3n Juan A. Fuentes).<\/li>\n<li><em>Pasa la Virgen del Refugio<\/em> (Manuel Rodr\u00edguez Ruiz).<\/li>\n<li><em>Perdona a tu pueblo<\/em> (Popular).<\/li>\n<li><em>Pescador de hombres<\/em> (Ces\u00e1reo Gabarain).<\/li>\n<li><em>Por Pilatos condenado<\/em> (Francisco Jos\u00e9 Carrasco).<\/li>\n<li><em>Por tu amor, mi vida<\/em> (Luis Sergio de Juan).<\/li>\n<li><em>Presentado a Sevilla<\/em> (Antonio L\u00f3pez Escalante).<\/li>\n<li><em>Puente de San Bernardo<\/em> (Manuel Rodr\u00edguez Ruiz).<\/li>\n<li><em>Roc\u00edo del Cielo<\/em> (Hermanos Serna).<\/li>\n<li><em>Salve, Don Bosco Santo<\/em> (B. S\u00e1nchez).<\/li>\n<li><em>Santa Mar\u00eda de la Esperanza<\/em> (J. Espinosa).<\/li>\n<li><em>Santo Cristo de la Bienaventuranza<\/em> (Alejandro Blanco).<\/li>\n<li><strong><em>Se\u00f1or danos tu Bendici\u00f3n<\/em><\/strong><strong> (Mario Infante Jurado). Estreno.<\/strong><\/li>\n<li><em>Sevilla en Primavera<\/em> (Miguel \u00c1ngel Font y Fran Ortiz).<\/li>\n<li><em>Siempre en mi coraz\u00f3n<\/em> (\u00c1ngel Esquivel Alarma).<\/li>\n<li><strong><em>Sue\u00f1os de un ayer<\/em><\/strong><strong> (Jos\u00e9 \u00c1ngel Santo Tom\u00e1s Ruano). Estreno.<\/strong><\/li>\n<li><em>Tras de ti mi Cautivo<\/em> (Jos\u00e9 Manuel S\u00e1nchez Molero).<\/li>\n<li><em>Unidos por tu Sangre<\/em> (Antonio Amodeo).<\/li>\n<li><em>Virgen de las Angustias<\/em> (Manuel Rodr\u00edguez Ruiz).<\/li>\n<li><em>Y contigo hasta el Cielo<\/em> (Jos\u00e9 Manuel Mena Herv\u00e1s).<\/li>\n<li><em>Y al tercer d\u00eda\u2026<\/em> (Alejandro Blanco).<\/li>\n<\/ul>\n","protected":false},"excerpt":{"rendered":"<p>El pasado domingo en la Iglesia de San Claudio, rodeados por nuestra familia y amigos y cobijados por las sagradas im\u00e1genes de nuestra Cofrad\u00eda, estren\u00e1bamos la marcha\u00a0Iesum Nazarenum. Dando por cerrado, as\u00ed, nuestro repertorio para la inminente Semana Santa. 60 son las marchas con las que la Agrupaci\u00f3n cuenta para acompa\u00f1ar a los pasos de [&hellip;]<\/p>\n","protected":false},"author":2,"featured_media":0,"comment_status":"open","ping_status":"open","sticky":false,"template":"","format":"standard","meta":[],"categories":[],"tags":[],"_links":{"self":[{"href":"https:\/\/amscb.com\/index.php?rest_route=\/wp\/v2\/posts\/1742"}],"collection":[{"href":"https:\/\/amscb.com\/index.php?rest_route=\/wp\/v2\/posts"}],"about":[{"href":"https:\/\/amscb.com\/index.php?rest_route=\/wp\/v2\/types\/post"}],"author":[{"embeddable":true,"href":"https:\/\/amscb.com\/index.php?rest_route=\/wp\/v2\/users\/2"}],"replies":[{"embeddable":true,"href":"https:\/\/amscb.com\/index.php?rest_route=%2Fwp%2Fv2%2Fcomments&post=1742"}],"version-history":[{"count":6,"href":"https:\/\/amscb.com\/index.php?rest_route=\/wp\/v2\/posts\/1742\/revisions"}],"predecessor-version":[{"id":1750,"href":"https:\/\/amscb.com\/index.php?rest_route=\/wp\/v2\/posts\/1742\/revisions\/1750"}],"wp:attachment":[{"href":"https:\/\/amscb.com\/index.php?rest_route=%2Fwp%2Fv2%2Fmedia&parent=1742"}],"wp:term":[{"taxonomy":"category","embeddable":true,"href":"https:\/\/amscb.com\/index.php?rest_route=%2Fwp%2Fv2%2Fcategories&post=1742"},{"taxonomy":"post_tag","embeddable":true,"href":"https:\/\/amscb.com\/index.php?rest_route=%2Fwp%2Fv2%2Ftags&post=1742"}],"curies":[{"name":"wp","href":"https:\/\/api.w.org\/{rel}","templated":true}]}}