{"id":1833,"date":"2016-05-08T19:13:11","date_gmt":"2016-05-08T19:13:11","guid":{"rendered":"http:\/\/amscb.com\/?p=1833"},"modified":"2016-05-10T21:54:35","modified_gmt":"2016-05-10T21:54:35","slug":"peregrinacion-de-la-virgen-del-camino-por-el-25-aniversario-de-la-cofradia-maria-del-dulce-nombre","status":"publish","type":"post","link":"https:\/\/amscb.com\/?p=1833","title":{"rendered":"PEREGRINACI\u00d3N DE LA VIRGEN DEL CAMINO POR EL XXV ANIVERSARIO DE LA COFRAD\u00cdA MAR\u00cdA DEL DULCE NOMBRE"},"content":{"rendered":"<p><a href=\"http:\/\/amscb.com\/wp-content\/uploads\/2016\/05\/13166048_482231475308685_2037126743391000539_n-1.png\" rel=\"attachment wp-att-1834\"><img decoding=\"async\" loading=\"lazy\" class=\"alignright size-full wp-image-1834\" src=\"http:\/\/amscb.com\/wp-content\/uploads\/2016\/05\/13166048_482231475308685_2037126743391000539_n-1.png\" alt=\"13166048_482231475308685_2037126743391000539_n (1)\" width=\"312\" height=\"434\" srcset=\"https:\/\/amscb.com\/wp-content\/uploads\/2016\/05\/13166048_482231475308685_2037126743391000539_n-1.png 312w, https:\/\/amscb.com\/wp-content\/uploads\/2016\/05\/13166048_482231475308685_2037126743391000539_n-1-216x300.png 216w\" sizes=\"(max-width: 312px) 100vw, 312px\" \/><\/a>El pr\u00f3ximo s\u00e1bado, 14 de mayo, participaremos en la peregrinaci\u00f3n de la Virgen del Camino que organiza la Cofrad\u00eda Mar\u00eda del Dulce Nombre; inici\u00e1ndose a las 15:30 horas desde el interior de la S.I. Catedral y concluyendo con una eucarist\u00eda en la Bas\u00edlica de la Virgen del Camino a las 20:30 horas.<\/p>\n<p>La imagen que se trasladar\u00e1 ser\u00e1 la Virgen del Camino que procesion\u00f3 la Cofrad\u00eda en sus inicios, portada a hombros por hermanas de las distintas Cofrad\u00edas y Hermandades de la Semana Santa leonesa, adem\u00e1s de las propias hermanas de Mar\u00eda del Dulce Nombre. El acompa\u00f1amiento musical estar\u00e1 formado por la banda y agrupaciones musicales que acompa\u00f1amos al cortejo procesional en la tarde de Jueves Santo.<\/p>\n<p>La peregrinaci\u00f3n recorrer\u00e1 las siguientes calles: Ancha, Cid, San Isidoro, Sacramento, Santo Martino, Abad\u00eda, Renueva, Suero de Qui\u00f1ones, Plaza San Marcos, Quevedo, P\u00e1rroco Pablo D\u00edez, Ermita de Trobajo, Carretera Le\u00f3n-Astorga y Don Pablo D\u00edez.<\/p>\n<p>Nuestra Agrupaci\u00f3n acompa\u00f1ar\u00e1 al paso a lo largo de la avenida\u00a0P\u00e1rroco Pablo D\u00edez, en el tramo comprendido entre el <em>Lidl<\/em> de Trobajo del Camino (sobre las 18:00 horas) hasta el\u00a0centro comercial <em>E. Leclerc.<\/em><\/p>\n<p>Nos complace celebrar el A\u00f1o de la Mujer Papona en el A\u00f1o de la Misericordia y, desde estas l\u00edneas, queremos mostrar nuestro agradecimiento y m\u00e1s sincera felicitaci\u00f3n a las hermanas de la Cofrad\u00eda Mar\u00eda del Dulce Nombre por su XXV Aniversario. Que se haga realidad el objetivo de reconocer a todas las mujeres paponas y fomentar el compromiso cristiano que supone la implicaci\u00f3n de las mujeres en las Cofrad\u00edas y Hermandades de Le\u00f3n.<\/p>\n","protected":false},"excerpt":{"rendered":"<p>El pr\u00f3ximo s\u00e1bado, 14 de mayo, participaremos en la peregrinaci\u00f3n de la Virgen del Camino que organiza la Cofrad\u00eda Mar\u00eda del Dulce Nombre; inici\u00e1ndose a las 15:30 horas desde el interior de la S.I. Catedral y concluyendo con una eucarist\u00eda en la Bas\u00edlica de la Virgen del Camino a las 20:30 horas. La imagen que [&hellip;]<\/p>\n","protected":false},"author":2,"featured_media":0,"comment_status":"open","ping_status":"open","sticky":false,"template":"","format":"standard","meta":[],"categories":[],"tags":[],"_links":{"self":[{"href":"https:\/\/amscb.com\/index.php?rest_route=\/wp\/v2\/posts\/1833"}],"collection":[{"href":"https:\/\/amscb.com\/index.php?rest_route=\/wp\/v2\/posts"}],"about":[{"href":"https:\/\/amscb.com\/index.php?rest_route=\/wp\/v2\/types\/post"}],"author":[{"embeddable":true,"href":"https:\/\/amscb.com\/index.php?rest_route=\/wp\/v2\/users\/2"}],"replies":[{"embeddable":true,"href":"https:\/\/amscb.com\/index.php?rest_route=%2Fwp%2Fv2%2Fcomments&post=1833"}],"version-history":[{"count":6,"href":"https:\/\/amscb.com\/index.php?rest_route=\/wp\/v2\/posts\/1833\/revisions"}],"predecessor-version":[{"id":1841,"href":"https:\/\/amscb.com\/index.php?rest_route=\/wp\/v2\/posts\/1833\/revisions\/1841"}],"wp:attachment":[{"href":"https:\/\/amscb.com\/index.php?rest_route=%2Fwp%2Fv2%2Fmedia&parent=1833"}],"wp:term":[{"taxonomy":"category","embeddable":true,"href":"https:\/\/amscb.com\/index.php?rest_route=%2Fwp%2Fv2%2Fcategories&post=1833"},{"taxonomy":"post_tag","embeddable":true,"href":"https:\/\/amscb.com\/index.php?rest_route=%2Fwp%2Fv2%2Ftags&post=1833"}],"curies":[{"name":"wp","href":"https:\/\/api.w.org\/{rel}","templated":true}]}}