{"id":1849,"date":"2016-09-01T16:24:43","date_gmt":"2016-09-01T16:24:43","guid":{"rendered":"http:\/\/amscb.com\/?p=1849"},"modified":"2016-09-01T16:24:43","modified_gmt":"2016-09-01T16:24:43","slug":"iniciamos-el-curso","status":"publish","type":"post","link":"https:\/\/amscb.com\/?p=1849","title":{"rendered":"INICIAMOS EL CURSO"},"content":{"rendered":"<p>Lunes, 5 de septiembre, a las 21:00 horas en nuestro local de ensayo (calle Diego Yuste, s\/n); es la fecha y lugar en el que comenzamos la nueva temporada.<\/p>\n<p>Con la ilusi\u00f3n de siempre, las ganas de integrar y ense\u00f1ar a los nuevos compa\u00f1eros y, sobre todo, el deseo de afrontar un curso cargado de cosas buenas.\u00a0La celebraci\u00f3n de nuestro quinto aniversario y el vig\u00e9simo quinto de la Cofrad\u00eda Santo Cristo de la Bienaventuranza marcar\u00e1n, en gran parte, el conjunto de actos en los que estamos trabajando.<\/p>\n<p>Si quieres unirte a nosotros a\u00fan est\u00e1s a tiempo, te recordamos que la Agrupaci\u00f3n te proporcionar\u00e1 el instrumento y no son necesarios conocimientos musicales. Las v\u00edas de contacto son:<\/p>\n<ul>\n<li>Correo electr\u00f3nico:\u00a0<a href=\"http:\/\/amscb.com\/?page_id=368#\">direccion@amscb.com<\/a><\/li>\n<li>Tel\u00e9fono:\u00a0635566120.<\/li>\n<li>Presencialmente: Calle Diego Yuste, s\/n, Le\u00f3n. A partir de las 21:00 horas.<\/li>\n<\/ul>\n<p><a href=\"http:\/\/amscb.com\/wp-content\/uploads\/2014\/01\/corona-am-scb.jpg\" rel=\"attachment wp-att-1297\"><img decoding=\"async\" loading=\"lazy\" class=\"aligncenter size-medium wp-image-1297\" src=\"http:\/\/amscb.com\/wp-content\/uploads\/2014\/01\/corona-am-scb-300x297.jpg\" alt=\"corona-am-scb\" width=\"300\" height=\"297\" srcset=\"https:\/\/amscb.com\/wp-content\/uploads\/2014\/01\/corona-am-scb-300x297.jpg 300w, https:\/\/amscb.com\/wp-content\/uploads\/2014\/01\/corona-am-scb-150x150.jpg 150w, https:\/\/amscb.com\/wp-content\/uploads\/2014\/01\/corona-am-scb.jpg 590w\" sizes=\"(max-width: 300px) 100vw, 300px\" \/><\/a><\/p>\n","protected":false},"excerpt":{"rendered":"<p>Lunes, 5 de septiembre, a las 21:00 horas en nuestro local de ensayo (calle Diego Yuste, s\/n); es la fecha y lugar en el que comenzamos la nueva temporada. Con la ilusi\u00f3n de siempre, las ganas de integrar y ense\u00f1ar a los nuevos compa\u00f1eros y, sobre todo, el deseo de afrontar un curso cargado de [&hellip;]<\/p>\n","protected":false},"author":2,"featured_media":0,"comment_status":"open","ping_status":"open","sticky":false,"template":"","format":"standard","meta":[],"categories":[],"tags":[],"_links":{"self":[{"href":"https:\/\/amscb.com\/index.php?rest_route=\/wp\/v2\/posts\/1849"}],"collection":[{"href":"https:\/\/amscb.com\/index.php?rest_route=\/wp\/v2\/posts"}],"about":[{"href":"https:\/\/amscb.com\/index.php?rest_route=\/wp\/v2\/types\/post"}],"author":[{"embeddable":true,"href":"https:\/\/amscb.com\/index.php?rest_route=\/wp\/v2\/users\/2"}],"replies":[{"embeddable":true,"href":"https:\/\/amscb.com\/index.php?rest_route=%2Fwp%2Fv2%2Fcomments&post=1849"}],"version-history":[{"count":2,"href":"https:\/\/amscb.com\/index.php?rest_route=\/wp\/v2\/posts\/1849\/revisions"}],"predecessor-version":[{"id":1852,"href":"https:\/\/amscb.com\/index.php?rest_route=\/wp\/v2\/posts\/1849\/revisions\/1852"}],"wp:attachment":[{"href":"https:\/\/amscb.com\/index.php?rest_route=%2Fwp%2Fv2%2Fmedia&parent=1849"}],"wp:term":[{"taxonomy":"category","embeddable":true,"href":"https:\/\/amscb.com\/index.php?rest_route=%2Fwp%2Fv2%2Fcategories&post=1849"},{"taxonomy":"post_tag","embeddable":true,"href":"https:\/\/amscb.com\/index.php?rest_route=%2Fwp%2Fv2%2Ftags&post=1849"}],"curies":[{"name":"wp","href":"https:\/\/api.w.org\/{rel}","templated":true}]}}