{"id":1868,"date":"2016-10-13T14:57:51","date_gmt":"2016-10-13T14:57:51","guid":{"rendered":"http:\/\/amscb.com\/?p=1868"},"modified":"2016-11-01T23:18:07","modified_gmt":"2016-11-01T23:18:07","slug":"sevilla-2016-concierto-en-santa-marina-y-participacion-en-el-certamen-solidario-divino-perdon","status":"publish","type":"post","link":"https:\/\/amscb.com\/?p=1868","title":{"rendered":"SEVILLA 2016: CONCIERTO EN SANTA MARINA Y PARTICIPACI\u00d3N EN EL CERTAMEN SOLIDARIO \u00abDIVINO PERD\u00d3N\u00bb"},"content":{"rendered":"<div id=\"attachment_1878\" style=\"width: 160px\" class=\"wp-caption alignright\"><a href=\"http:\/\/amscb.com\/wp-content\/uploads\/2016\/10\/JUBILEO-MISERICORDIA.jpg\" rel=\"attachment wp-att-1878\"><img aria-describedby=\"caption-attachment-1878\" decoding=\"async\" loading=\"lazy\" class=\"wp-image-1878\" src=\"http:\/\/amscb.com\/wp-content\/uploads\/2016\/10\/JUBILEO-MISERICORDIA-179x300.jpg\" alt=\"JUBILEO MISERICORDIA\" width=\"150\" height=\"252\" srcset=\"https:\/\/amscb.com\/wp-content\/uploads\/2016\/10\/JUBILEO-MISERICORDIA-179x300.jpg 179w, https:\/\/amscb.com\/wp-content\/uploads\/2016\/10\/JUBILEO-MISERICORDIA.jpg 260w\" sizes=\"(max-width: 150px) 100vw, 150px\" \/><\/a><p id=\"caption-attachment-1878\" class=\"wp-caption-text\">Logo del Jubileo de la Misericordia.<\/p><\/div>\n<p>Los d\u00edas 5 y 6 de noviembre nuestra formaci\u00f3n se trasladar\u00e1 de nuevo a la hermosa ciudad de Sevilla para participar en diversos conciertos y actos. El primero de ellos tendr\u00e1 como protagonista a nuestra Cofrad\u00eda:<\/p>\n<ul>\n<li>En la ma\u00f1ana del s\u00e1bado -5 de noviembre- a las 10:00 horas, se celebrar\u00e1 una <strong>eucarist\u00eda<\/strong> en la Bas\u00edlica de Santa Mar\u00eda de la Esperanza Macarena, donde la Cofrad\u00eda Santo Cristo de la Bienaventuranza lograr\u00e1 el jubileo, la indulgencia por el A\u00f1o Santo de la Misericordia. La agrupaci\u00f3n musical llegar\u00e1 en <strong>pasacalles <\/strong>acompa\u00f1ando a la Junta de Seises, encabezada por el gui\u00f3n de la Cofrad\u00eda, tras recorrer algunas v\u00edas adyacentes.<\/li>\n<\/ul>\n<p>Posteriormente, en la misma ma\u00f1ana del s\u00e1bado, nos desplazaremos a otro emblem\u00e1tico templo de la capital andaluza:<\/p>\n<ul>\n<li>Ser\u00e1 la Iglesia de Santa Marina (sede can\u00f3nica de la Hermandad de la Sagrada Resurrecci\u00f3n) quien acoja el <strong>concierto de marchas procesionales <\/strong>que ofreceremos, con entrada libre y gratuita, <strong>a las 13:00 horas.<\/strong><\/li>\n<li>Nos apasiona tener la oportunidad de hacer m\u00fasica en un lugar con tanta historia y patrimonio art\u00edstico. El mismo lugar donde cada Domingo de Resurrecci\u00f3n un majestuoso Jesucristo Resucitado se muestra ante Sevilla.<\/li>\n<\/ul>\n<p>Por \u00faltimo, el domingo -6 de noviembre- a partir de las 11:30 horas, tendremos el honor de participar en el <strong><em>I Certamen Solidario de M\u00fasica Cofrade Divino Perd\u00f3n<\/em><\/strong><em>:<\/em><\/p>\n<ul>\n<li>\n<div id=\"attachment_1881\" style=\"width: 410px\" class=\"wp-caption alignleft\"><a href=\"http:\/\/amscb.com\/wp-content\/uploads\/2016\/10\/Certamen-Sevilla-2.jpg\" rel=\"attachment wp-att-1881\"><img aria-describedby=\"caption-attachment-1881\" decoding=\"async\" loading=\"lazy\" class=\"wp-image-1881\" src=\"http:\/\/amscb.com\/wp-content\/uploads\/2016\/10\/Certamen-Sevilla-2.jpg\" alt=\"Certamen Sevilla 2\" width=\"400\" height=\"600\" srcset=\"https:\/\/amscb.com\/wp-content\/uploads\/2016\/10\/Certamen-Sevilla-2.jpg 616w, https:\/\/amscb.com\/wp-content\/uploads\/2016\/10\/Certamen-Sevilla-2-200x300.jpg 200w\" sizes=\"(max-width: 400px) 100vw, 400px\" \/><\/a><p id=\"caption-attachment-1881\" class=\"wp-caption-text\">Cartel anunciador del certamen.<\/p><\/div>\n<p>A beneficio de la Bolsa de Caridad de la Hermandad y del Banco de Alimentos Nuestro Padre Jes\u00fas del Divino Perd\u00f3n. Dar\u00e1 comienzo a las 11:30 horas, en el centro biling\u00fce Lope de Vega (calle las ONG, 7, Parque Alcosa). La entrada es gratuita y se podr\u00e1 contribuir llevando un kilo de alimentos no perecederos.<\/li>\n<li>Nos sentimos muy afortunados de colaborar en esta causa con la Hermandad del Divino Perd\u00f3n y compartir solidaridad con extraordinarias bandas y agrupaciones: B.C.T. Entre Azahares (Dos Hermanas), A.M. Nuestro Padre Jes\u00fas de la Redenci\u00f3n (Sevilla), B.C.T. Resurrecci\u00f3n (Alcosa), B.C.T. Tres Ca\u00eddas (Dos Hermanas), Coro San Jos\u00e9 Obrero, A.M. M\u00aa Stma. de las Angustias \u201cLos Gitanos\u201d (Sevilla), B.C.T. Pasi\u00f3n de Cristo (Alcosa), A.M. Virgen de los Reyes (Sevilla), A.M. Ntra. Sra. de la Estrella (Dos Hermanas).<\/li>\n<\/ul>\n<p>Esta ser\u00e1 nuestra segunda visita a la capital andaluza, despu\u00e9s de hacerlo en el a\u00f1o 2015 para participar en los cert\u00e1menes de <em>Jes\u00fas Despojado<\/em> y <em>Jes\u00fas de la Paz<\/em>. En esta ocasi\u00f3n, lo hacemos inmersos en la celebraci\u00f3n de nuestro quinto aniversario y con el deseo de volver a vivir tan enriquecedora experiencia. Damos las GRACIAS a todas las personas e instituciones que lo han hecho posible.<\/p>\n<p>&nbsp;<\/p>\n","protected":false},"excerpt":{"rendered":"<p>Los d\u00edas 5 y 6 de noviembre nuestra formaci\u00f3n se trasladar\u00e1 de nuevo a la hermosa ciudad de Sevilla para participar en diversos conciertos y actos. El primero de ellos tendr\u00e1 como protagonista a nuestra Cofrad\u00eda: En la ma\u00f1ana del s\u00e1bado -5 de noviembre- a las 10:00 horas, se celebrar\u00e1 una eucarist\u00eda en la Bas\u00edlica [&hellip;]<\/p>\n","protected":false},"author":2,"featured_media":0,"comment_status":"open","ping_status":"open","sticky":false,"template":"","format":"standard","meta":[],"categories":[14],"tags":[],"_links":{"self":[{"href":"https:\/\/amscb.com\/index.php?rest_route=\/wp\/v2\/posts\/1868"}],"collection":[{"href":"https:\/\/amscb.com\/index.php?rest_route=\/wp\/v2\/posts"}],"about":[{"href":"https:\/\/amscb.com\/index.php?rest_route=\/wp\/v2\/types\/post"}],"author":[{"embeddable":true,"href":"https:\/\/amscb.com\/index.php?rest_route=\/wp\/v2\/users\/2"}],"replies":[{"embeddable":true,"href":"https:\/\/amscb.com\/index.php?rest_route=%2Fwp%2Fv2%2Fcomments&post=1868"}],"version-history":[{"count":26,"href":"https:\/\/amscb.com\/index.php?rest_route=\/wp\/v2\/posts\/1868\/revisions"}],"predecessor-version":[{"id":1914,"href":"https:\/\/amscb.com\/index.php?rest_route=\/wp\/v2\/posts\/1868\/revisions\/1914"}],"wp:attachment":[{"href":"https:\/\/amscb.com\/index.php?rest_route=%2Fwp%2Fv2%2Fmedia&parent=1868"}],"wp:term":[{"taxonomy":"category","embeddable":true,"href":"https:\/\/amscb.com\/index.php?rest_route=%2Fwp%2Fv2%2Fcategories&post=1868"},{"taxonomy":"post_tag","embeddable":true,"href":"https:\/\/amscb.com\/index.php?rest_route=%2Fwp%2Fv2%2Ftags&post=1868"}],"curies":[{"name":"wp","href":"https:\/\/api.w.org\/{rel}","templated":true}]}}