{"id":1894,"date":"2016-10-18T15:56:48","date_gmt":"2016-10-18T15:56:48","guid":{"rendered":"http:\/\/amscb.com\/?p=1894"},"modified":"2016-10-18T16:55:25","modified_gmt":"2016-10-18T16:55:25","slug":"pregon-de-apertura-del-xxv-aniversario-de-nuestra-cofradia-y-festividad-de-san-claudio","status":"publish","type":"post","link":"https:\/\/amscb.com\/?p=1894","title":{"rendered":"PREG\u00d3N DE APERTURA DEL XXV ANIVERSARIO DE NUESTRA COFRAD\u00cdA Y FESTIVIDAD DE SAN CLAUDIO"},"content":{"rendered":"<p>Fundada en el a\u00f1o 1992, la <em>Cofrad\u00eda Santo Cristo de la Bienaventuranza<\/em> inicia los actos de apertura de su XXV aniversario, que se prorrogar\u00e1n hasta el mes de octubre de 2017. La Agrupaci\u00f3n Musical ser\u00e1 part\u00edcipe de los mismos, cumpliendo tambi\u00e9n un per\u00edodo significativo: cinco a\u00f1os de historia.<\/p>\n<p>As\u00ed, el pr\u00f3ximo s\u00e1bado &#8211;<strong>29 de octubre<\/strong>&#8211; acompa\u00f1aremos a los hermanos Xuas\u00fas Gonz\u00e1lez, Jos\u00e9 Antonio Fern\u00e1ndez y Laura Rodr\u00edguez en el <strong>preg\u00f3n <\/strong>que servir\u00e1 de inicio al XXV aniversario. El acto comenzar\u00e1 a las 20:30 horas en la Parroquia de San Claudio.<\/p>\n<p>All\u00ed, en nuestra casa y la de todos los hermanos, hemos decidido presentar la primera composici\u00f3n que incorporamos para la Semana Santa de 2017: <em>Madre de la Misericordia<\/em>. Pieza musical realizada por Mario Infante Jurado y dedicada a Mar\u00eda Sant\u00edsima de la Misericordia. Su dulce melod\u00eda y su estructura muy del gusto cofrade leon\u00e9s son caracter\u00edsticas de \u00a0la segunda marcha que el autor sevillano compone para nuestra formaci\u00f3n, tras estrenar en la pasada Semana Santa <em>Se\u00f1or, danos tu Bendici\u00f3n.<\/em><\/p>\n<p>Por otro lado, el domingo &#8211;<strong>30 de octubre<\/strong>&#8211; participamos en la <strong>Festividad de San Claudio, <\/strong>que cuenta con el siguiente programa:<\/p>\n<ul>\n<li>11:30 horas: Pasacalles desde la Plaza del Congreso Eucar\u00edstico, recogiendo a la Abadesa y Junta de Seises en la sede de la Cofrad\u00eda.<\/li>\n<li>12:00 horas: Procesi\u00f3n en honor a San Claudio, que contar\u00e1 con nuestro acompa\u00f1amiento.<\/li>\n<li>12:30 horas: Santa misa en la Parroquia de San Claudio.<\/li>\n<li>13:30 horas: Concierto de marchas procesionales en el exterior de la sede de la Cofrad\u00eda (calle Cipriano de la Huerga, 10).<\/li>\n<li>15:00 horas: <a href=\"http:\/\/www.cofradiascb.es\/WP\/index.php\">Comida de hermandad en el Parador de San Marcos.<\/a><\/li>\n<\/ul>\n<p>Esperamos contar con vuestra presencia.<\/p>\n<div id=\"attachment_1897\" style=\"width: 760px\" class=\"wp-caption alignleft\"><a href=\"http:\/\/amscb.com\/wp-content\/uploads\/2016\/10\/12182641_10201059651531485_1085620247189414171_o.jpg\" rel=\"attachment wp-att-1897\"><img aria-describedby=\"caption-attachment-1897\" decoding=\"async\" loading=\"lazy\" class=\"wp-image-1897\" src=\"http:\/\/amscb.com\/wp-content\/uploads\/2016\/10\/12182641_10201059651531485_1085620247189414171_o.jpg\" alt=\"12182641_10201059651531485_1085620247189414171_o\" width=\"750\" height=\"501\" srcset=\"https:\/\/amscb.com\/wp-content\/uploads\/2016\/10\/12182641_10201059651531485_1085620247189414171_o.jpg 1444w, https:\/\/amscb.com\/wp-content\/uploads\/2016\/10\/12182641_10201059651531485_1085620247189414171_o-300x200.jpg 300w, https:\/\/amscb.com\/wp-content\/uploads\/2016\/10\/12182641_10201059651531485_1085620247189414171_o-768x513.jpg 768w, https:\/\/amscb.com\/wp-content\/uploads\/2016\/10\/12182641_10201059651531485_1085620247189414171_o-1024x684.jpg 1024w\" sizes=\"(max-width: 750px) 100vw, 750px\" \/><\/a><p id=\"caption-attachment-1897\" class=\"wp-caption-text\">Fotograf\u00eda tomada por Luis Reyero en la Festividad de San Claudio 2015.<\/p><\/div>\n","protected":false},"excerpt":{"rendered":"<p>Fundada en el a\u00f1o 1992, la Cofrad\u00eda Santo Cristo de la Bienaventuranza inicia los actos de apertura de su XXV aniversario, que se prorrogar\u00e1n hasta el mes de octubre de 2017. La Agrupaci\u00f3n Musical ser\u00e1 part\u00edcipe de los mismos, cumpliendo tambi\u00e9n un per\u00edodo significativo: cinco a\u00f1os de historia. As\u00ed, el pr\u00f3ximo s\u00e1bado &#8211;29 de octubre&#8211; [&hellip;]<\/p>\n","protected":false},"author":2,"featured_media":0,"comment_status":"open","ping_status":"open","sticky":false,"template":"","format":"standard","meta":[],"categories":[14],"tags":[],"_links":{"self":[{"href":"https:\/\/amscb.com\/index.php?rest_route=\/wp\/v2\/posts\/1894"}],"collection":[{"href":"https:\/\/amscb.com\/index.php?rest_route=\/wp\/v2\/posts"}],"about":[{"href":"https:\/\/amscb.com\/index.php?rest_route=\/wp\/v2\/types\/post"}],"author":[{"embeddable":true,"href":"https:\/\/amscb.com\/index.php?rest_route=\/wp\/v2\/users\/2"}],"replies":[{"embeddable":true,"href":"https:\/\/amscb.com\/index.php?rest_route=%2Fwp%2Fv2%2Fcomments&post=1894"}],"version-history":[{"count":9,"href":"https:\/\/amscb.com\/index.php?rest_route=\/wp\/v2\/posts\/1894\/revisions"}],"predecessor-version":[{"id":1907,"href":"https:\/\/amscb.com\/index.php?rest_route=\/wp\/v2\/posts\/1894\/revisions\/1907"}],"wp:attachment":[{"href":"https:\/\/amscb.com\/index.php?rest_route=%2Fwp%2Fv2%2Fmedia&parent=1894"}],"wp:term":[{"taxonomy":"category","embeddable":true,"href":"https:\/\/amscb.com\/index.php?rest_route=%2Fwp%2Fv2%2Fcategories&post=1894"},{"taxonomy":"post_tag","embeddable":true,"href":"https:\/\/amscb.com\/index.php?rest_route=%2Fwp%2Fv2%2Ftags&post=1894"}],"curies":[{"name":"wp","href":"https:\/\/api.w.org\/{rel}","templated":true}]}}