{"id":1932,"date":"2016-12-08T14:14:09","date_gmt":"2016-12-08T14:14:09","guid":{"rendered":"http:\/\/amscb.com\/?p=1932"},"modified":"2016-12-08T14:14:09","modified_gmt":"2016-12-08T14:14:09","slug":"iii-concierto-comparte-la-navidad-cofradia-de-la-agonia-de-nuestro-senor","status":"publish","type":"post","link":"https:\/\/amscb.com\/?p=1932","title":{"rendered":"\u00abIII CONCIERTO COMPARTE LA NAVIDAD\u201d (COFRAD\u00cdA DE LA AGON\u00cdA DE NUESTRO SE\u00d1OR)"},"content":{"rendered":"<p>La <em>Cofrad\u00eda de la Agon\u00eda de Nuestro Se\u00f1or<\/em> de Le\u00f3n organiza el <em>III Concierto Comparte la Navidad <\/em>el pr\u00f3ximo s\u00e1bado, 10 de diciembre, a partir de las 20:30 horas, en la Parroquia de Santa Marina la Real.<\/p>\n<p>Participaremos en este concierto ben\u00e9fico junto a la Secci\u00f3n Musical de la Cofrad\u00eda Santo Cristo del Desenclavo (Le\u00f3n), la BCT Sant\u00edsimo Cristo Resucitado (Guardo) y la BCT El Salvador (Villama\u00f1\u00e1n). Como donativo se recoger\u00e1n alimentos no perecederos, destinados a las familias m\u00e1s desfavorecidas del barrio de Santa Marina.<\/p>\n<p>Animamos a todos a colaborar, en la medida de lo posible, con esta causa solidaria.<\/p>\n<p><a href=\"http:\/\/amscb.com\/wp-content\/uploads\/2016\/12\/Concierto-Agon\u00eda.jpg\" rel=\"attachment wp-att-1933\"><img decoding=\"async\" loading=\"lazy\" class=\"aligncenter wp-image-1933 size-large\" src=\"http:\/\/amscb.com\/wp-content\/uploads\/2016\/12\/Concierto-Agon\u00eda-724x1024.jpg\" alt=\"Concierto Agon\u00eda\" width=\"724\" height=\"1024\" srcset=\"https:\/\/amscb.com\/wp-content\/uploads\/2016\/12\/Concierto-Agon\u00eda-724x1024.jpg 724w, https:\/\/amscb.com\/wp-content\/uploads\/2016\/12\/Concierto-Agon\u00eda-212x300.jpg 212w, https:\/\/amscb.com\/wp-content\/uploads\/2016\/12\/Concierto-Agon\u00eda-768x1086.jpg 768w, https:\/\/amscb.com\/wp-content\/uploads\/2016\/12\/Concierto-Agon\u00eda.jpg 1131w\" sizes=\"(max-width: 724px) 100vw, 724px\" \/><\/a><\/p>\n<p>&nbsp;<\/p>\n","protected":false},"excerpt":{"rendered":"<p>La Cofrad\u00eda de la Agon\u00eda de Nuestro Se\u00f1or de Le\u00f3n organiza el III Concierto Comparte la Navidad el pr\u00f3ximo s\u00e1bado, 10 de diciembre, a partir de las 20:30 horas, en la Parroquia de Santa Marina la Real. Participaremos en este concierto ben\u00e9fico junto a la Secci\u00f3n Musical de la Cofrad\u00eda Santo Cristo del Desenclavo (Le\u00f3n), [&hellip;]<\/p>\n","protected":false},"author":2,"featured_media":0,"comment_status":"open","ping_status":"open","sticky":false,"template":"","format":"standard","meta":[],"categories":[],"tags":[],"_links":{"self":[{"href":"https:\/\/amscb.com\/index.php?rest_route=\/wp\/v2\/posts\/1932"}],"collection":[{"href":"https:\/\/amscb.com\/index.php?rest_route=\/wp\/v2\/posts"}],"about":[{"href":"https:\/\/amscb.com\/index.php?rest_route=\/wp\/v2\/types\/post"}],"author":[{"embeddable":true,"href":"https:\/\/amscb.com\/index.php?rest_route=\/wp\/v2\/users\/2"}],"replies":[{"embeddable":true,"href":"https:\/\/amscb.com\/index.php?rest_route=%2Fwp%2Fv2%2Fcomments&post=1932"}],"version-history":[{"count":6,"href":"https:\/\/amscb.com\/index.php?rest_route=\/wp\/v2\/posts\/1932\/revisions"}],"predecessor-version":[{"id":1939,"href":"https:\/\/amscb.com\/index.php?rest_route=\/wp\/v2\/posts\/1932\/revisions\/1939"}],"wp:attachment":[{"href":"https:\/\/amscb.com\/index.php?rest_route=%2Fwp%2Fv2%2Fmedia&parent=1932"}],"wp:term":[{"taxonomy":"category","embeddable":true,"href":"https:\/\/amscb.com\/index.php?rest_route=%2Fwp%2Fv2%2Fcategories&post=1932"},{"taxonomy":"post_tag","embeddable":true,"href":"https:\/\/amscb.com\/index.php?rest_route=%2Fwp%2Fv2%2Ftags&post=1932"}],"curies":[{"name":"wp","href":"https:\/\/api.w.org\/{rel}","templated":true}]}}