{"id":1942,"date":"2016-12-16T14:07:43","date_gmt":"2016-12-16T14:07:43","guid":{"rendered":"http:\/\/amscb.com\/?p=1942"},"modified":"2016-12-16T14:07:43","modified_gmt":"2016-12-16T14:07:43","slug":"pasacalles-y-concierto-de-navidad-en-san-claudio","status":"publish","type":"post","link":"https:\/\/amscb.com\/?p=1942","title":{"rendered":"PASACALLES Y CONCIERTO DE NAVIDAD EN SAN CLAUDIO"},"content":{"rendered":"<p><a href=\"http:\/\/amscb.com\/wp-content\/uploads\/2016\/12\/15493747_10202538976153676_2316497853478584641_o.jpg\" rel=\"attachment wp-att-1943\"><img decoding=\"async\" loading=\"lazy\" class=\"alignleft wp-image-1943\" src=\"http:\/\/amscb.com\/wp-content\/uploads\/2016\/12\/15493747_10202538976153676_2316497853478584641_o.jpg\" alt=\"15493747_10202538976153676_2316497853478584641_o\" width=\"448\" height=\"634\" srcset=\"https:\/\/amscb.com\/wp-content\/uploads\/2016\/12\/15493747_10202538976153676_2316497853478584641_o.jpg 1448w, https:\/\/amscb.com\/wp-content\/uploads\/2016\/12\/15493747_10202538976153676_2316497853478584641_o-212x300.jpg 212w, https:\/\/amscb.com\/wp-content\/uploads\/2016\/12\/15493747_10202538976153676_2316497853478584641_o-768x1086.jpg 768w, https:\/\/amscb.com\/wp-content\/uploads\/2016\/12\/15493747_10202538976153676_2316497853478584641_o-724x1024.jpg 724w\" sizes=\"(max-width: 448px) 100vw, 448px\" \/><\/a><\/p>\n<p>&nbsp;<\/p>\n<p>El pr\u00f3ximo <strong>s\u00e1bado, 17 de diciembre<\/strong>, recorreremos las calles del barrio de San Claudio recogiendo alimentos. La obra social de la Cofrad\u00eda los destinar\u00e1 a las Conferencias de San Vicente de Pa\u00fal y a hermanos y familias que lo necesiten.<\/p>\n<p>A las <strong>18:30 horas<\/strong> nuestra formaci\u00f3n saldr\u00e1 en <strong>pasacalles<\/strong> desde El Corte Ingl\u00e9s (calle Octavio \u00c1lvarez Carballo), continuando por las calles Corredera, Cipriano de la Huerga, San Vicente M\u00e1rtir, Mart\u00edn Sarmiento, Juan Ferreras y Plaza del Congreso Eucar\u00edstico (lugar de recogida de alimentos en torno a las 19:00 horas). Posteriormente, se reanudar\u00e1 el pasacalles por la v\u00eda Juan Ferreras, Torriano, Plaza Doce M\u00e1rtires, Monasterio, Covadonga y Antonio Valbuena.<\/p>\n<p><strong>A lo largo de todo el recorrido se podr\u00e1n entregar alimentos<\/strong> y, al finalizar, en la Parroquia de San Claudio.<\/p>\n<p>A las <strong>20:30 horas<\/strong>, ofreceremos un <strong>concierto de Navidad<\/strong> en el interior de la iglesia. Y al terminar, gran chocolatada en el Centro Ozanam.<\/p>\n<p>&nbsp;<\/p>\n","protected":false},"excerpt":{"rendered":"<p>&nbsp; El pr\u00f3ximo s\u00e1bado, 17 de diciembre, recorreremos las calles del barrio de San Claudio recogiendo alimentos. La obra social de la Cofrad\u00eda los destinar\u00e1 a las Conferencias de San Vicente de Pa\u00fal y a hermanos y familias que lo necesiten. A las 18:30 horas nuestra formaci\u00f3n saldr\u00e1 en pasacalles desde El Corte Ingl\u00e9s (calle [&hellip;]<\/p>\n","protected":false},"author":2,"featured_media":0,"comment_status":"open","ping_status":"open","sticky":false,"template":"","format":"standard","meta":[],"categories":[],"tags":[],"_links":{"self":[{"href":"https:\/\/amscb.com\/index.php?rest_route=\/wp\/v2\/posts\/1942"}],"collection":[{"href":"https:\/\/amscb.com\/index.php?rest_route=\/wp\/v2\/posts"}],"about":[{"href":"https:\/\/amscb.com\/index.php?rest_route=\/wp\/v2\/types\/post"}],"author":[{"embeddable":true,"href":"https:\/\/amscb.com\/index.php?rest_route=\/wp\/v2\/users\/2"}],"replies":[{"embeddable":true,"href":"https:\/\/amscb.com\/index.php?rest_route=%2Fwp%2Fv2%2Fcomments&post=1942"}],"version-history":[{"count":5,"href":"https:\/\/amscb.com\/index.php?rest_route=\/wp\/v2\/posts\/1942\/revisions"}],"predecessor-version":[{"id":1948,"href":"https:\/\/amscb.com\/index.php?rest_route=\/wp\/v2\/posts\/1942\/revisions\/1948"}],"wp:attachment":[{"href":"https:\/\/amscb.com\/index.php?rest_route=%2Fwp%2Fv2%2Fmedia&parent=1942"}],"wp:term":[{"taxonomy":"category","embeddable":true,"href":"https:\/\/amscb.com\/index.php?rest_route=%2Fwp%2Fv2%2Fcategories&post=1942"},{"taxonomy":"post_tag","embeddable":true,"href":"https:\/\/amscb.com\/index.php?rest_route=%2Fwp%2Fv2%2Ftags&post=1942"}],"curies":[{"name":"wp","href":"https:\/\/api.w.org\/{rel}","templated":true}]}}