{"id":1994,"date":"2017-01-02T11:50:28","date_gmt":"2017-01-02T11:50:28","guid":{"rendered":"http:\/\/amscb.com\/?p=1994"},"modified":"2017-01-03T00:13:03","modified_gmt":"2017-01-03T00:13:03","slug":"cabalgata-de-reyes-gijon-2017-2","status":"publish","type":"post","link":"https:\/\/amscb.com\/?p=1994","title":{"rendered":"CABALGATA DE REYES GIJ\u00d3N 2017"},"content":{"rendered":"<p>El pr\u00f3ximo jueves, 5 de enero de 2017, participaremos en la espectacular Cabalgata de Gij\u00f3n, dando la bienvenida a los Reyes Magos. Ya convertida en tradici\u00f3n, preparamos con gran entusiasmo nuestra visita a la ciudad asturiana.<\/p>\n<p>La\u00a0<strong>salida<\/strong> ser\u00e1 a las <strong>19:00 horas<\/strong>\u00a0desde el Colegio P\u00fablico Montevil y Colegio P\u00fablico Severo Ochoa, continuando por\u00a0C\/ R\u00edo Eo, C\/Pintor Manuel Medina, C\/ Irene Fern\u00e1ndez Perera, C\/ R\u00edo Sella, Carretera del Obispo, Avda de Schultz, Manuel Llaneza, C\/ 17 de agosto, Avda. de la Costa, C\/ San Bernardo, C\/ Jovellanos, C\/ los Moros, C\/ Munuza, Plaza del Carmen, C\/ Felipe Men\u00e9ndez, Marqu\u00e9s de San Esteban y Jardines de la Reina, donde se <strong>finaliza alrededor de las 21:00 horas<\/strong>.\u00a0A continuaci\u00f3n, Sus Majestades y el Pr\u00edncipe Aliatar ofrecer\u00e1n sus discursos desde el balc\u00f3n del Ayuntamiento de Gij\u00f3n (Plaza Mayor).<\/p>\n<p>Deseamos una magn\u00edfica Cabalgata a todos.<\/p>\n<p><a href=\"http:\/\/amscb.com\/wp-content\/uploads\/2017\/01\/15732189_1256413477731435_6153595051423916633_o.jpg\" rel=\"attachment wp-att-1973\"><img decoding=\"async\" loading=\"lazy\" class=\"aligncenter wp-image-1973\" src=\"http:\/\/amscb.com\/wp-content\/uploads\/2017\/01\/15732189_1256413477731435_6153595051423916633_o-203x300.jpg\" alt=\"15732189_1256413477731435_6153595051423916633_o\" width=\"603\" height=\"890\" srcset=\"https:\/\/amscb.com\/wp-content\/uploads\/2017\/01\/15732189_1256413477731435_6153595051423916633_o-203x300.jpg 203w, https:\/\/amscb.com\/wp-content\/uploads\/2017\/01\/15732189_1256413477731435_6153595051423916633_o-768x1133.jpg 768w, https:\/\/amscb.com\/wp-content\/uploads\/2017\/01\/15732189_1256413477731435_6153595051423916633_o-694x1024.jpg 694w, https:\/\/amscb.com\/wp-content\/uploads\/2017\/01\/15732189_1256413477731435_6153595051423916633_o.jpg 869w\" sizes=\"(max-width: 603px) 100vw, 603px\" \/><\/a><\/p>\n","protected":false},"excerpt":{"rendered":"<p>El pr\u00f3ximo jueves, 5 de enero de 2017, participaremos en la espectacular Cabalgata de Gij\u00f3n, dando la bienvenida a los Reyes Magos. Ya convertida en tradici\u00f3n, preparamos con gran entusiasmo nuestra visita a la ciudad asturiana. La\u00a0salida ser\u00e1 a las 19:00 horas\u00a0desde el Colegio P\u00fablico Montevil y Colegio P\u00fablico Severo Ochoa, continuando por\u00a0C\/ R\u00edo Eo, [&hellip;]<\/p>\n","protected":false},"author":2,"featured_media":0,"comment_status":"open","ping_status":"open","sticky":false,"template":"","format":"video","meta":[],"categories":[],"tags":[],"_links":{"self":[{"href":"https:\/\/amscb.com\/index.php?rest_route=\/wp\/v2\/posts\/1994"}],"collection":[{"href":"https:\/\/amscb.com\/index.php?rest_route=\/wp\/v2\/posts"}],"about":[{"href":"https:\/\/amscb.com\/index.php?rest_route=\/wp\/v2\/types\/post"}],"author":[{"embeddable":true,"href":"https:\/\/amscb.com\/index.php?rest_route=\/wp\/v2\/users\/2"}],"replies":[{"embeddable":true,"href":"https:\/\/amscb.com\/index.php?rest_route=%2Fwp%2Fv2%2Fcomments&post=1994"}],"version-history":[{"count":3,"href":"https:\/\/amscb.com\/index.php?rest_route=\/wp\/v2\/posts\/1994\/revisions"}],"predecessor-version":[{"id":2000,"href":"https:\/\/amscb.com\/index.php?rest_route=\/wp\/v2\/posts\/1994\/revisions\/2000"}],"wp:attachment":[{"href":"https:\/\/amscb.com\/index.php?rest_route=%2Fwp%2Fv2%2Fmedia&parent=1994"}],"wp:term":[{"taxonomy":"category","embeddable":true,"href":"https:\/\/amscb.com\/index.php?rest_route=%2Fwp%2Fv2%2Fcategories&post=1994"},{"taxonomy":"post_tag","embeddable":true,"href":"https:\/\/amscb.com\/index.php?rest_route=%2Fwp%2Fv2%2Ftags&post=1994"}],"curies":[{"name":"wp","href":"https:\/\/api.w.org\/{rel}","templated":true}]}}