{"id":2002,"date":"2017-01-23T17:27:31","date_gmt":"2017-01-23T17:27:31","guid":{"rendered":"http:\/\/amscb.com\/?p=2002"},"modified":"2017-01-23T17:31:12","modified_gmt":"2017-01-23T17:31:12","slug":"sinfonia-en-verde-y-negro-la-gala-benefica-que-conmemora-el-25-aniversario-de-la-cofradia-maria-del-dulce-nombre","status":"publish","type":"post","link":"https:\/\/amscb.com\/?p=2002","title":{"rendered":"\u201cSINFON\u00cdA EN VERDE Y NEGRO\u201d, LA GALA BEN\u00c9FICA QUE CONMEMORA EL 25 ANIVERSARIO DE LA COFRAD\u00cdA MAR\u00cdA DEL DULCE NOMBRE"},"content":{"rendered":"<p>El pr\u00f3ximo s\u00e1bado, 28 de enero de 2017, la Cofrad\u00eda Mar\u00eda del Dulce Nombre organiza una gala ben\u00e9fica conmemorativa de su 25 aniversario fundacional. Ser\u00e1 en el Auditorio Ciudad de Le\u00f3n, a partir de las 19:15 horas.<\/p>\n<p>Nos complace participar en el acto junto a la A.M. y B.C.T. del Dulce Nombre de Jes\u00fas Nazareno y la A.M. del Santo Sepulcro. La gala tambi\u00e9n contar\u00e1 con intervenciones orales y po\u00e9ticas, adem\u00e1s de la presencia del cantante <em>Se\u00f1or Ga\u00f1\u00e1n<\/em> (m\u00fasico sevillano que destaca por combinar el pop con la m\u00fasica procesional). Como cada tarde de Jueves Santo, compartiremos sentimientos con las hermanas de Nuestro Padre Jes\u00fas del Consuelo, la Virgen del Camino, Mar\u00eda Sant\u00edsima del Dulce Nombre y la Cruz Gloriosa.<\/p>\n<p>Las entradas ya est\u00e1n a la venta en las taquillas del Auditorio a un precio de 3 euros. La recaudaci\u00f3n ser\u00e1 destinada a la fundaci\u00f3n RED MADRE.<\/p>\n<p><a href=\"http:\/\/amscb.com\/wp-content\/uploads\/2017\/01\/Cartel-MDN.png\" rel=\"attachment wp-att-2005\"><img decoding=\"async\" loading=\"lazy\" class=\"aligncenter wp-image-2005\" src=\"http:\/\/amscb.com\/wp-content\/uploads\/2017\/01\/Cartel-MDN-725x1024.png\" alt=\"Cartel MDN\" width=\"505\" height=\"714\" srcset=\"https:\/\/amscb.com\/wp-content\/uploads\/2017\/01\/Cartel-MDN-725x1024.png 725w, https:\/\/amscb.com\/wp-content\/uploads\/2017\/01\/Cartel-MDN-212x300.png 212w, https:\/\/amscb.com\/wp-content\/uploads\/2017\/01\/Cartel-MDN-768x1085.png 768w, https:\/\/amscb.com\/wp-content\/uploads\/2017\/01\/Cartel-MDN.png 1031w\" sizes=\"(max-width: 505px) 100vw, 505px\" \/><\/a><\/p>\n","protected":false},"excerpt":{"rendered":"<p>El pr\u00f3ximo s\u00e1bado, 28 de enero de 2017, la Cofrad\u00eda Mar\u00eda del Dulce Nombre organiza una gala ben\u00e9fica conmemorativa de su 25 aniversario fundacional. Ser\u00e1 en el Auditorio Ciudad de Le\u00f3n, a partir de las 19:15 horas. Nos complace participar en el acto junto a la A.M. y B.C.T. del Dulce Nombre de Jes\u00fas Nazareno [&hellip;]<\/p>\n","protected":false},"author":2,"featured_media":0,"comment_status":"open","ping_status":"open","sticky":false,"template":"","format":"standard","meta":[],"categories":[],"tags":[],"_links":{"self":[{"href":"https:\/\/amscb.com\/index.php?rest_route=\/wp\/v2\/posts\/2002"}],"collection":[{"href":"https:\/\/amscb.com\/index.php?rest_route=\/wp\/v2\/posts"}],"about":[{"href":"https:\/\/amscb.com\/index.php?rest_route=\/wp\/v2\/types\/post"}],"author":[{"embeddable":true,"href":"https:\/\/amscb.com\/index.php?rest_route=\/wp\/v2\/users\/2"}],"replies":[{"embeddable":true,"href":"https:\/\/amscb.com\/index.php?rest_route=%2Fwp%2Fv2%2Fcomments&post=2002"}],"version-history":[{"count":6,"href":"https:\/\/amscb.com\/index.php?rest_route=\/wp\/v2\/posts\/2002\/revisions"}],"predecessor-version":[{"id":2010,"href":"https:\/\/amscb.com\/index.php?rest_route=\/wp\/v2\/posts\/2002\/revisions\/2010"}],"wp:attachment":[{"href":"https:\/\/amscb.com\/index.php?rest_route=%2Fwp%2Fv2%2Fmedia&parent=2002"}],"wp:term":[{"taxonomy":"category","embeddable":true,"href":"https:\/\/amscb.com\/index.php?rest_route=%2Fwp%2Fv2%2Fcategories&post=2002"},{"taxonomy":"post_tag","embeddable":true,"href":"https:\/\/amscb.com\/index.php?rest_route=%2Fwp%2Fv2%2Ftags&post=2002"}],"curies":[{"name":"wp","href":"https:\/\/api.w.org\/{rel}","templated":true}]}}