{"id":2030,"date":"2017-03-01T14:10:04","date_gmt":"2017-03-01T14:10:04","guid":{"rendered":"http:\/\/amscb.com\/?p=2030"},"modified":"2017-03-01T14:10:04","modified_gmt":"2017-03-01T14:10:04","slug":"i-certamen-de-musica-de-semana-santa-papones-de-corazon","status":"publish","type":"post","link":"https:\/\/amscb.com\/?p=2030","title":{"rendered":"I CERTAMEN DE M\u00daSICA DE SEMANA SANTA \u00abPAPONES DE CORAZ\u00d3N\u00bb"},"content":{"rendered":"<p>El pr\u00f3ximo s\u00e1bado, 4 de marzo, participaremos en el I Certamen de M\u00fasica de Semana Santa organizado por la asociaci\u00f3n leonesa <em>Papones de Coraz\u00f3n<\/em>. Ser\u00e1 nuestro primer concierto de la Cuaresma 2017.<\/p>\n<p>La programaci\u00f3n del certamen cuenta con una concentraci\u00f3n de bandas en la Plaza de las Concepciones, a las 17:15 horas. A continuaci\u00f3n, pasacalles por Fern\u00e1ndez Cad\u00f3rniga hasta la Plaza Don Gutierre, donde tendr\u00e1 lugar el concierto.<\/p>\n<p>Participan tambi\u00e9n la Agrupaci\u00f3n Musical Santo Sepulcro-Esperanza de la Vida, Banda de Cornetas y Tambores Dulce Nombre de Jes\u00fas Nazareno y Banda de\u00a0Cornetas y Tambores Nuestra Se\u00f1ora de la Soledad.<\/p>\n<p><a href=\"http:\/\/amscb.com\/wp-content\/uploads\/2017\/03\/Certamen-d\u00eda-4.jpg\"><img decoding=\"async\" loading=\"lazy\" class=\"aligncenter wp-image-2031 size-full\" src=\"http:\/\/amscb.com\/wp-content\/uploads\/2017\/03\/Certamen-d\u00eda-4.jpg\" width=\"768\" height=\"543\" srcset=\"https:\/\/amscb.com\/wp-content\/uploads\/2017\/03\/Certamen-d\u00eda-4.jpg 768w, https:\/\/amscb.com\/wp-content\/uploads\/2017\/03\/Certamen-d\u00eda-4-300x212.jpg 300w\" sizes=\"(max-width: 768px) 100vw, 768px\" \/><\/a><\/p>\n","protected":false},"excerpt":{"rendered":"<p>El pr\u00f3ximo s\u00e1bado, 4 de marzo, participaremos en el I Certamen de M\u00fasica de Semana Santa organizado por la asociaci\u00f3n leonesa Papones de Coraz\u00f3n. Ser\u00e1 nuestro primer concierto de la Cuaresma 2017. La programaci\u00f3n del certamen cuenta con una concentraci\u00f3n de bandas en la Plaza de las Concepciones, a las 17:15 horas. A continuaci\u00f3n, pasacalles [&hellip;]<\/p>\n","protected":false},"author":2,"featured_media":0,"comment_status":"open","ping_status":"open","sticky":false,"template":"","format":"standard","meta":[],"categories":[],"tags":[],"_links":{"self":[{"href":"https:\/\/amscb.com\/index.php?rest_route=\/wp\/v2\/posts\/2030"}],"collection":[{"href":"https:\/\/amscb.com\/index.php?rest_route=\/wp\/v2\/posts"}],"about":[{"href":"https:\/\/amscb.com\/index.php?rest_route=\/wp\/v2\/types\/post"}],"author":[{"embeddable":true,"href":"https:\/\/amscb.com\/index.php?rest_route=\/wp\/v2\/users\/2"}],"replies":[{"embeddable":true,"href":"https:\/\/amscb.com\/index.php?rest_route=%2Fwp%2Fv2%2Fcomments&post=2030"}],"version-history":[{"count":2,"href":"https:\/\/amscb.com\/index.php?rest_route=\/wp\/v2\/posts\/2030\/revisions"}],"predecessor-version":[{"id":2033,"href":"https:\/\/amscb.com\/index.php?rest_route=\/wp\/v2\/posts\/2030\/revisions\/2033"}],"wp:attachment":[{"href":"https:\/\/amscb.com\/index.php?rest_route=%2Fwp%2Fv2%2Fmedia&parent=2030"}],"wp:term":[{"taxonomy":"category","embeddable":true,"href":"https:\/\/amscb.com\/index.php?rest_route=%2Fwp%2Fv2%2Fcategories&post=2030"},{"taxonomy":"post_tag","embeddable":true,"href":"https:\/\/amscb.com\/index.php?rest_route=%2Fwp%2Fv2%2Ftags&post=2030"}],"curies":[{"name":"wp","href":"https:\/\/api.w.org\/{rel}","templated":true}]}}