{"id":2049,"date":"2017-03-29T18:32:20","date_gmt":"2017-03-29T18:32:20","guid":{"rendered":"http:\/\/amscb.com\/?p=2049"},"modified":"2017-03-29T18:32:20","modified_gmt":"2017-03-29T18:32:20","slug":"concierto-los-dias-31-de-marzo-y-1-de-abril","status":"publish","type":"post","link":"https:\/\/amscb.com\/?p=2049","title":{"rendered":"CONCIERTO LOS D\u00cdAS 31 DE MARZO Y 1 DE ABRIL"},"content":{"rendered":"<p>El viernes, 31 de marzo, participaremos en el Certamen de M\u00fasica de Semana Santa organizado por la taberna cofrade <em>Entre Varales<\/em> junto a la Agrupaci\u00f3n Musical Nuestra Se\u00f1ora de las Angustias y Soledad y la Banda de Cornetas y Tambores Dulce Nombre de Jes\u00fas Nazareno. El certamen, in memorian de Don Enrique Garc\u00eda Centeno, se celebrar\u00e1 en la Plaza de las Concepciones desde las 20:30 horas.<\/p>\n<p>Por otra parte, el s\u00e1bado, 1 de abril, estaremos en la <em>Casa de Galicia en Le\u00f3n<\/em> (Carretera de Vilecha, s\/n, Trobajo del Cerecedo) para ofrecer un concierto de m\u00fasica de Semana Santa a partir de las 20:30 horas. La Asociaci\u00f3n fija un precio de dos euros para qui\u00e9n desee asistir sin ser socio, para los socios la entrada es gratuita.<\/p>\n<p><a href=\"http:\/\/amscb.com\/wp-content\/uploads\/2017\/03\/Entre-varales.jpg\"><img decoding=\"async\" loading=\"lazy\" class=\"aligncenter wp-image-2052\" src=\"http:\/\/amscb.com\/wp-content\/uploads\/2017\/03\/Entre-varales.jpg\" width=\"500\" height=\"617\" srcset=\"https:\/\/amscb.com\/wp-content\/uploads\/2017\/03\/Entre-varales.jpg 778w, https:\/\/amscb.com\/wp-content\/uploads\/2017\/03\/Entre-varales-243x300.jpg 243w, https:\/\/amscb.com\/wp-content\/uploads\/2017\/03\/Entre-varales-768x948.jpg 768w\" sizes=\"(max-width: 500px) 100vw, 500px\" \/><\/a><a href=\"http:\/\/amscb.com\/wp-content\/uploads\/2017\/03\/IMG-20170327-WA0005.jpg\"><img decoding=\"async\" loading=\"lazy\" class=\"aligncenter wp-image-2051\" src=\"http:\/\/amscb.com\/wp-content\/uploads\/2017\/03\/IMG-20170327-WA0005.jpg\" width=\"598\" height=\"423\" srcset=\"https:\/\/amscb.com\/wp-content\/uploads\/2017\/03\/IMG-20170327-WA0005.jpg 1358w, https:\/\/amscb.com\/wp-content\/uploads\/2017\/03\/IMG-20170327-WA0005-300x212.jpg 300w, https:\/\/amscb.com\/wp-content\/uploads\/2017\/03\/IMG-20170327-WA0005-768x543.jpg 768w, https:\/\/amscb.com\/wp-content\/uploads\/2017\/03\/IMG-20170327-WA0005-1024x724.jpg 1024w\" sizes=\"(max-width: 598px) 100vw, 598px\" \/><\/a><\/p>\n","protected":false},"excerpt":{"rendered":"<p>El viernes, 31 de marzo, participaremos en el Certamen de M\u00fasica de Semana Santa organizado por la taberna cofrade Entre Varales junto a la Agrupaci\u00f3n Musical Nuestra Se\u00f1ora de las Angustias y Soledad y la Banda de Cornetas y Tambores Dulce Nombre de Jes\u00fas Nazareno. El certamen, in memorian de Don Enrique Garc\u00eda Centeno, se [&hellip;]<\/p>\n","protected":false},"author":2,"featured_media":0,"comment_status":"open","ping_status":"open","sticky":false,"template":"","format":"standard","meta":[],"categories":[],"tags":[],"_links":{"self":[{"href":"https:\/\/amscb.com\/index.php?rest_route=\/wp\/v2\/posts\/2049"}],"collection":[{"href":"https:\/\/amscb.com\/index.php?rest_route=\/wp\/v2\/posts"}],"about":[{"href":"https:\/\/amscb.com\/index.php?rest_route=\/wp\/v2\/types\/post"}],"author":[{"embeddable":true,"href":"https:\/\/amscb.com\/index.php?rest_route=\/wp\/v2\/users\/2"}],"replies":[{"embeddable":true,"href":"https:\/\/amscb.com\/index.php?rest_route=%2Fwp%2Fv2%2Fcomments&post=2049"}],"version-history":[{"count":6,"href":"https:\/\/amscb.com\/index.php?rest_route=\/wp\/v2\/posts\/2049\/revisions"}],"predecessor-version":[{"id":2058,"href":"https:\/\/amscb.com\/index.php?rest_route=\/wp\/v2\/posts\/2049\/revisions\/2058"}],"wp:attachment":[{"href":"https:\/\/amscb.com\/index.php?rest_route=%2Fwp%2Fv2%2Fmedia&parent=2049"}],"wp:term":[{"taxonomy":"category","embeddable":true,"href":"https:\/\/amscb.com\/index.php?rest_route=%2Fwp%2Fv2%2Fcategories&post=2049"},{"taxonomy":"post_tag","embeddable":true,"href":"https:\/\/amscb.com\/index.php?rest_route=%2Fwp%2Fv2%2Ftags&post=2049"}],"curies":[{"name":"wp","href":"https:\/\/api.w.org\/{rel}","templated":true}]}}