{"id":2079,"date":"2017-04-07T00:32:30","date_gmt":"2017-04-07T00:32:30","guid":{"rendered":"http:\/\/amscb.com\/?p=2079"},"modified":"2017-04-07T00:32:30","modified_gmt":"2017-04-07T00:32:30","slug":"semana-santa-2017-procesiones-y-pasos","status":"publish","type":"post","link":"https:\/\/amscb.com\/?p=2079","title":{"rendered":"SEMANA SANTA 2017 (PROCESIONES Y PASOS)"},"content":{"rendered":"<p>Lleg\u00f3 el momento de vivir la semana m\u00e1s emotiva del a\u00f1o, la que nos une y da sentido al trabajo realizado. Le\u00f3n ser\u00e1 nuestra gran pasi\u00f3n.<\/p>\n<div id=\"attachment_2083\" style=\"width: 662px\" class=\"wp-caption alignright\"><a href=\"http:\/\/amscb.com\/wp-content\/uploads\/2017\/04\/S\u00e1bado-Santo-JDO.jpg\"><img aria-describedby=\"caption-attachment-2083\" decoding=\"async\" loading=\"lazy\" class=\"wp-image-2083\" src=\"http:\/\/amscb.com\/wp-content\/uploads\/2017\/04\/S\u00e1bado-Santo-JDO.jpg\" width=\"652\" height=\"978\" srcset=\"https:\/\/amscb.com\/wp-content\/uploads\/2017\/04\/S\u00e1bado-Santo-JDO.jpg 752w, https:\/\/amscb.com\/wp-content\/uploads\/2017\/04\/S\u00e1bado-Santo-JDO-200x300.jpg 200w, https:\/\/amscb.com\/wp-content\/uploads\/2017\/04\/S\u00e1bado-Santo-JDO-683x1024.jpg 683w\" sizes=\"(max-width: 652px) 100vw, 652px\" \/><\/a><p id=\"caption-attachment-2083\" class=\"wp-caption-text\">Fotograf\u00eda de Luis Reyero.<\/p><\/div>\n<p>Las procesiones en las que participamos y los pasos a los que tenemos el honor de acompa\u00f1ar en la Semana Santa de 2017 son los siguientes:<\/p>\n<ul>\n<li><u>S\u00e1bado de Pasi\u00f3n (Le\u00f3n)<\/u>:<\/li>\n<\/ul>\n<ul>\n<ul>\n<li><strong>Procesi\u00f3n Jes\u00fas de la Esperanza\u00a0<\/strong>(Plaza de Santo Martino, Real Colegiata de la Bas\u00edlica de San Isidoro, a las 18:00 horas).<\/li>\n<li>Sacramental y Penitencial Cofrad\u00eda de Nuestro Padre Jes\u00fas Sacramentado y Mar\u00eda Sant\u00edsima de La Piedad, Amparo de los Leoneses.<\/li>\n<li>Acompa\u00f1amos al paso de Nuestra Se\u00f1ora de la Esperanza.<\/li>\n<\/ul>\n<\/ul>\n<ul>\n<li><u>Lunes Santo (Le\u00f3n)<\/u>:\n<ul>\n<li><strong>Procesi\u00f3n del Rosario de Pasi\u00f3n<\/strong>\u00a0(Iglesia de San Marcelo, puerta de la Plaza de San Marcelo frente al Edificio de Botines, a las 20:45 horas).<\/li>\n<li>Hermandad de Santa Marta y de la Sagrada Cena.<\/li>\n<li>Acompa\u00f1amos\u00a0a los pasos La Oraci\u00f3n en el Huerto y La Flagelaci\u00f3n.<\/li>\n<\/ul>\n<\/li>\n<\/ul>\n<ul>\n<li><u>Mi\u00e9rcoles Santo (Le\u00f3n)<\/u>:\n<ul>\n<li><strong>Procesi\u00f3n Virgen de la Amargura<\/strong>\u00a0(Real Monasterio de las RR. MM. Benedictinas -Carbajalas-, a las 20:45 horas).<\/li>\n<li>Real Cofrad\u00eda de Minerva y Vera Cruz.<\/li>\n<li>Acompa\u00f1amos los pasos\u00a0del Santo Cristo del Desenclavo y Nuestra Se\u00f1ora de la Veracruz.<\/li>\n<\/ul>\n<\/li>\n<\/ul>\n<ul>\n<li><u>Jueves Santo (Le\u00f3n)<\/u>:\n<ul>\n<li><strong>Procesi\u00f3n de las Bienaventuranzas\u00a0<\/strong>(patio del Alb\u00e9itar, calle Covadonga, a las 09:00 horas).<\/li>\n<li>Cofrad\u00eda Santo Cristo de la Bienaventuranza.<\/li>\n<li>Acompa\u00f1amos a los pasos del Santo Cristo de la Bienaventuranza y Nuestra Madre de la Piedad.<\/li>\n<li><strong>Procesi\u00f3n Mar\u00eda al Pie de la Cruz, Camino de la Esperanza<\/strong>\u00a0(patio del colegio de los PP. Capuchinos, calle Corredera, a las 19:15 horas).<\/li>\n<li>Cofrad\u00eda Mar\u00eda del Dulce Nombre.<\/li>\n<li>Acompa\u00f1amos al paso de La Cruz Gloriosa y, al titular, la Virgen del Camino.<\/li>\n<\/ul>\n<\/li>\n<\/ul>\n<ul>\n<li><u>Viernes Santo (Le\u00f3n)<\/u>:\n<ul>\n<li><strong>Procesi\u00f3n de los Pasos\u00a0<\/strong>(Iglesia de Santa Nonia, a las 07:30 horas).<\/li>\n<li>Cofrad\u00eda del Dulce Nombre de Jes\u00fas Nazareno.<\/li>\n<li>Acompa\u00f1amos a los pasos de El Expolio y La Exaltaci\u00f3n de la Cruz.<\/li>\n<li><strong>Solemne y Oficial Procesi\u00f3n del Santo Entierro<\/strong>\u00a0(Real Monasterio de las RR. MM. Benedictinas -Carbajalas-, a las 19:00 horas).<\/li>\n<\/ul>\n<\/li>\n<\/ul>\n<ul>\n<ul>\n<li>Real Cofrad\u00eda de Minerva y Vera Cruz.<\/li>\n<\/ul>\n<\/ul>\n<ul>\n<ul>\n<li>Acompa\u00f1amos a los pasos del Santo Cristo de la Agon\u00eda y el Santo Cristo del Desenclavo.<\/li>\n<\/ul>\n<\/ul>\n<ul>\n<li><u>S\u00e1bado Santo (Le\u00f3n)<\/u>:\n<ul>\n<li><strong>Procesi\u00f3n de la Soledad<\/strong>\u00a0(Iglesia de Jes\u00fas Divino Obrero, a las 19:00 horas).<\/li>\n<li>Real Hermandad de Jes\u00fas Divino Obrero.<\/li>\n<li>Acompa\u00f1amos al paso de San Juan Evangelista.<\/li>\n<\/ul>\n<\/li>\n<\/ul>\n<ul>\n<li><u>Domingo de Resurrecci\u00f3n (Laguna de Negrillos, Le\u00f3n)<\/u>:\n<ul>\n<li><strong>Procesi\u00f3n del Encuentro<\/strong>\u00a0(Iglesia de San Juan Bautista, a las 12:00 horas).<\/li>\n<li>Acompa\u00f1amos al paso de Cristo Resucitado.<\/li>\n<\/ul>\n<\/li>\n<\/ul>\n<p>Compa\u00f1eros, hermanos, papones\u2026 \u00a1Buena Semana Santa!<\/p>\n","protected":false},"excerpt":{"rendered":"<p>Lleg\u00f3 el momento de vivir la semana m\u00e1s emotiva del a\u00f1o, la que nos une y da sentido al trabajo realizado. Le\u00f3n ser\u00e1 nuestra gran pasi\u00f3n. Las procesiones en las que participamos y los pasos a los que tenemos el honor de acompa\u00f1ar en la Semana Santa de 2017 son los siguientes: S\u00e1bado de Pasi\u00f3n [&hellip;]<\/p>\n","protected":false},"author":2,"featured_media":0,"comment_status":"open","ping_status":"open","sticky":false,"template":"","format":"standard","meta":[],"categories":[],"tags":[],"_links":{"self":[{"href":"https:\/\/amscb.com\/index.php?rest_route=\/wp\/v2\/posts\/2079"}],"collection":[{"href":"https:\/\/amscb.com\/index.php?rest_route=\/wp\/v2\/posts"}],"about":[{"href":"https:\/\/amscb.com\/index.php?rest_route=\/wp\/v2\/types\/post"}],"author":[{"embeddable":true,"href":"https:\/\/amscb.com\/index.php?rest_route=\/wp\/v2\/users\/2"}],"replies":[{"embeddable":true,"href":"https:\/\/amscb.com\/index.php?rest_route=%2Fwp%2Fv2%2Fcomments&post=2079"}],"version-history":[{"count":8,"href":"https:\/\/amscb.com\/index.php?rest_route=\/wp\/v2\/posts\/2079\/revisions"}],"predecessor-version":[{"id":2090,"href":"https:\/\/amscb.com\/index.php?rest_route=\/wp\/v2\/posts\/2079\/revisions\/2090"}],"wp:attachment":[{"href":"https:\/\/amscb.com\/index.php?rest_route=%2Fwp%2Fv2%2Fmedia&parent=2079"}],"wp:term":[{"taxonomy":"category","embeddable":true,"href":"https:\/\/amscb.com\/index.php?rest_route=%2Fwp%2Fv2%2Fcategories&post=2079"},{"taxonomy":"post_tag","embeddable":true,"href":"https:\/\/amscb.com\/index.php?rest_route=%2Fwp%2Fv2%2Ftags&post=2079"}],"curies":[{"name":"wp","href":"https:\/\/api.w.org\/{rel}","templated":true}]}}