{"id":2105,"date":"2017-06-22T14:09:18","date_gmt":"2017-06-22T14:09:18","guid":{"rendered":"http:\/\/amscb.com\/?p=2105"},"modified":"2017-06-22T14:09:18","modified_gmt":"2017-06-22T14:09:18","slug":"procesion-de-los-altares-2017","status":"publish","type":"post","link":"https:\/\/amscb.com\/?p=2105","title":{"rendered":"PROCESI\u00d3N DE LOS ALTARES 2017"},"content":{"rendered":"<div id=\"attachment_2106\" style=\"width: 610px\" class=\"wp-caption alignright\"><a href=\"http:\/\/amscb.com\/wp-content\/uploads\/2017\/06\/LR5_6445.jpg\"><img aria-describedby=\"caption-attachment-2106\" decoding=\"async\" loading=\"lazy\" class=\"wp-image-2106\" src=\"http:\/\/amscb.com\/wp-content\/uploads\/2017\/06\/LR5_6445-1024x684.jpg\" alt=\"\" width=\"600\" height=\"401\" srcset=\"https:\/\/amscb.com\/wp-content\/uploads\/2017\/06\/LR5_6445-1024x684.jpg 1024w, https:\/\/amscb.com\/wp-content\/uploads\/2017\/06\/LR5_6445-300x200.jpg 300w, https:\/\/amscb.com\/wp-content\/uploads\/2017\/06\/LR5_6445-768x513.jpg 768w, https:\/\/amscb.com\/wp-content\/uploads\/2017\/06\/LR5_6445.jpg 1200w\" sizes=\"(max-width: 600px) 100vw, 600px\" \/><\/a><p id=\"caption-attachment-2106\" class=\"wp-caption-text\">Fotograf\u00eda de Luis Reyero. Altares 2016, Navatejera (Le\u00f3n).<\/p><\/div>\n<p>&nbsp;<\/p>\n<p>El pr\u00f3ximo domingo, 25 de junio,\u00a0participaremos en la Procesi\u00f3n de Los Altares que tendr\u00e1 lugar en la localidad leonesa de Navatejera.<\/p>\n<p>Tras la celebraci\u00f3n de la eucarist\u00eda, a las 13:30 horas, comenzar\u00e1 la procesi\u00f3n con las im\u00e1genes de la Parroquia de San Miguel Arc\u00e1ngel y la Virgen de la Pasi\u00f3n de la Cofrad\u00eda Santo Cristo de la Bienaventuranza.<\/p>\n","protected":false},"excerpt":{"rendered":"<p>&nbsp; El pr\u00f3ximo domingo, 25 de junio,\u00a0participaremos en la Procesi\u00f3n de Los Altares que tendr\u00e1 lugar en la localidad leonesa de Navatejera. Tras la celebraci\u00f3n de la eucarist\u00eda, a las 13:30 horas, comenzar\u00e1 la procesi\u00f3n con las im\u00e1genes de la Parroquia de San Miguel Arc\u00e1ngel y la Virgen de la Pasi\u00f3n de la Cofrad\u00eda Santo [&hellip;]<\/p>\n","protected":false},"author":2,"featured_media":0,"comment_status":"open","ping_status":"open","sticky":false,"template":"","format":"standard","meta":[],"categories":[],"tags":[],"_links":{"self":[{"href":"https:\/\/amscb.com\/index.php?rest_route=\/wp\/v2\/posts\/2105"}],"collection":[{"href":"https:\/\/amscb.com\/index.php?rest_route=\/wp\/v2\/posts"}],"about":[{"href":"https:\/\/amscb.com\/index.php?rest_route=\/wp\/v2\/types\/post"}],"author":[{"embeddable":true,"href":"https:\/\/amscb.com\/index.php?rest_route=\/wp\/v2\/users\/2"}],"replies":[{"embeddable":true,"href":"https:\/\/amscb.com\/index.php?rest_route=%2Fwp%2Fv2%2Fcomments&post=2105"}],"version-history":[{"count":3,"href":"https:\/\/amscb.com\/index.php?rest_route=\/wp\/v2\/posts\/2105\/revisions"}],"predecessor-version":[{"id":2109,"href":"https:\/\/amscb.com\/index.php?rest_route=\/wp\/v2\/posts\/2105\/revisions\/2109"}],"wp:attachment":[{"href":"https:\/\/amscb.com\/index.php?rest_route=%2Fwp%2Fv2%2Fmedia&parent=2105"}],"wp:term":[{"taxonomy":"category","embeddable":true,"href":"https:\/\/amscb.com\/index.php?rest_route=%2Fwp%2Fv2%2Fcategories&post=2105"},{"taxonomy":"post_tag","embeddable":true,"href":"https:\/\/amscb.com\/index.php?rest_route=%2Fwp%2Fv2%2Ftags&post=2105"}],"curies":[{"name":"wp","href":"https:\/\/api.w.org\/{rel}","templated":true}]}}