{"id":2135,"date":"2017-10-27T14:22:43","date_gmt":"2017-10-27T14:22:43","guid":{"rendered":"http:\/\/amscb.com\/?p=2135"},"modified":"2017-10-27T14:22:43","modified_gmt":"2017-10-27T14:22:43","slug":"festividad-de-san-claudio-y-toma-de-posesion-de-juan-carlos-gonzalez-como-abad","status":"publish","type":"post","link":"https:\/\/amscb.com\/?p=2135","title":{"rendered":"FESTIVIDAD DE SAN CLAUDIO Y TOMA DE POSESI\u00d3N DE JUAN CARLOS GONZ\u00c1LEZ COMO ABAD"},"content":{"rendered":"<div id=\"attachment_2136\" style=\"width: 210px\" class=\"wp-caption alignright\"><a href=\"http:\/\/amscb.com\/wp-content\/uploads\/2017\/10\/11060320_10200443634171436_7972252579092868039_o.jpg\"><img aria-describedby=\"caption-attachment-2136\" decoding=\"async\" loading=\"lazy\" class=\"wp-image-2136 size-medium\" src=\"http:\/\/amscb.com\/wp-content\/uploads\/2017\/10\/11060320_10200443634171436_7972252579092868039_o-200x300.jpg\" alt=\"\" width=\"200\" height=\"300\" srcset=\"https:\/\/amscb.com\/wp-content\/uploads\/2017\/10\/11060320_10200443634171436_7972252579092868039_o-200x300.jpg 200w, https:\/\/amscb.com\/wp-content\/uploads\/2017\/10\/11060320_10200443634171436_7972252579092868039_o.jpg 667w\" sizes=\"(max-width: 200px) 100vw, 200px\" \/><\/a><p id=\"caption-attachment-2136\" class=\"wp-caption-text\">Juan Carlos Gonz\u00e1lez acompa\u00f1ando a la agrupaci\u00f3n musical en procesi\u00f3n. Fotograf\u00eda: Luis Reyero.<\/p><\/div>\n<p>Contin\u00faa la actividad en San Claudio. El domingo, 29 de octubre, participaremos en la festividad de la Cofrad\u00eda celebrando el d\u00eda del santo leon\u00e9s que da nombre a la parroquia. El programa es el siguiente:<\/p>\n<ul>\n<li>11:30 horas: Pasacalles por el barrio.<\/li>\n<li>12:00 horas: Procesi\u00f3n en honor a San Claudio.<\/li>\n<li>12:30 horas: Eucarist\u00eda en la parroquia y, al finalizar, concierto en el exterior (calle Antonio Valbuena).<\/li>\n<\/ul>\n<p>Juan Carlos Gonz\u00e1lez Marcos tomar\u00e1 posesi\u00f3n como abad. Actualmente, forma parte de la junta de seises desarrollando sus funciones en el paso titular \u2014el Santo Cristo de la Bienaventuranza\u2014 y en la agrupaci\u00f3n musical. Le damos las gracias por estos seis a\u00f1os a nuestro lado de trabajo constante, entrega y apoyo; ha sido un pilar fundamental en nuestra formaci\u00f3n y progresi\u00f3n. Igualmente, agradecemos a Mar\u00eda Jos\u00e9 Gonz\u00e1lez Chamorro su dedicaci\u00f3n como abadesa durante los \u00faltimos cuatro a\u00f1os.<\/p>\n<div id=\"attachment_2139\" style=\"width: 420px\" class=\"wp-caption alignright\"><a href=\"http:\/\/amscb.com\/wp-content\/uploads\/2017\/10\/12419138_983888995052122_1632673752066336519_o.jpg\"><img aria-describedby=\"caption-attachment-2139\" decoding=\"async\" loading=\"lazy\" class=\"wp-image-2139\" src=\"http:\/\/amscb.com\/wp-content\/uploads\/2017\/10\/12419138_983888995052122_1632673752066336519_o.jpg\" alt=\"\" width=\"410\" height=\"274\" srcset=\"https:\/\/amscb.com\/wp-content\/uploads\/2017\/10\/12419138_983888995052122_1632673752066336519_o.jpg 2048w, https:\/\/amscb.com\/wp-content\/uploads\/2017\/10\/12419138_983888995052122_1632673752066336519_o-300x200.jpg 300w, https:\/\/amscb.com\/wp-content\/uploads\/2017\/10\/12419138_983888995052122_1632673752066336519_o-768x513.jpg 768w, https:\/\/amscb.com\/wp-content\/uploads\/2017\/10\/12419138_983888995052122_1632673752066336519_o-1024x684.jpg 1024w\" sizes=\"(max-width: 410px) 100vw, 410px\" \/><\/a><p id=\"caption-attachment-2139\" class=\"wp-caption-text\">Fotograf\u00eda: Luis Reyero.<\/p><\/div>\n<div id=\"attachment_2138\" style=\"width: 420px\" class=\"wp-caption alignleft\"><a href=\"http:\/\/amscb.com\/wp-content\/uploads\/2017\/10\/10010108_4114325434496_8668020910488044441_o.jpg\"><img aria-describedby=\"caption-attachment-2138\" decoding=\"async\" loading=\"lazy\" class=\"wp-image-2138\" src=\"http:\/\/amscb.com\/wp-content\/uploads\/2017\/10\/10010108_4114325434496_8668020910488044441_o.jpg\" alt=\"\" width=\"410\" height=\"272\" srcset=\"https:\/\/amscb.com\/wp-content\/uploads\/2017\/10\/10010108_4114325434496_8668020910488044441_o.jpg 2048w, https:\/\/amscb.com\/wp-content\/uploads\/2017\/10\/10010108_4114325434496_8668020910488044441_o-300x199.jpg 300w, https:\/\/amscb.com\/wp-content\/uploads\/2017\/10\/10010108_4114325434496_8668020910488044441_o-768x509.jpg 768w, https:\/\/amscb.com\/wp-content\/uploads\/2017\/10\/10010108_4114325434496_8668020910488044441_o-1024x679.jpg 1024w\" sizes=\"(max-width: 410px) 100vw, 410px\" \/><\/a><p id=\"caption-attachment-2138\" class=\"wp-caption-text\">Fotograf\u00eda: Luis Reyero.<\/p><\/div>\n","protected":false},"excerpt":{"rendered":"<p>Contin\u00faa la actividad en San Claudio. El domingo, 29 de octubre, participaremos en la festividad de la Cofrad\u00eda celebrando el d\u00eda del santo leon\u00e9s que da nombre a la parroquia. El programa es el siguiente: 11:30 horas: Pasacalles por el barrio. 12:00 horas: Procesi\u00f3n en honor a San Claudio. 12:30 horas: Eucarist\u00eda en la parroquia [&hellip;]<\/p>\n","protected":false},"author":2,"featured_media":0,"comment_status":"open","ping_status":"open","sticky":false,"template":"","format":"standard","meta":[],"categories":[],"tags":[],"_links":{"self":[{"href":"https:\/\/amscb.com\/index.php?rest_route=\/wp\/v2\/posts\/2135"}],"collection":[{"href":"https:\/\/amscb.com\/index.php?rest_route=\/wp\/v2\/posts"}],"about":[{"href":"https:\/\/amscb.com\/index.php?rest_route=\/wp\/v2\/types\/post"}],"author":[{"embeddable":true,"href":"https:\/\/amscb.com\/index.php?rest_route=\/wp\/v2\/users\/2"}],"replies":[{"embeddable":true,"href":"https:\/\/amscb.com\/index.php?rest_route=%2Fwp%2Fv2%2Fcomments&post=2135"}],"version-history":[{"count":7,"href":"https:\/\/amscb.com\/index.php?rest_route=\/wp\/v2\/posts\/2135\/revisions"}],"predecessor-version":[{"id":2145,"href":"https:\/\/amscb.com\/index.php?rest_route=\/wp\/v2\/posts\/2135\/revisions\/2145"}],"wp:attachment":[{"href":"https:\/\/amscb.com\/index.php?rest_route=%2Fwp%2Fv2%2Fmedia&parent=2135"}],"wp:term":[{"taxonomy":"category","embeddable":true,"href":"https:\/\/amscb.com\/index.php?rest_route=%2Fwp%2Fv2%2Fcategories&post=2135"},{"taxonomy":"post_tag","embeddable":true,"href":"https:\/\/amscb.com\/index.php?rest_route=%2Fwp%2Fv2%2Ftags&post=2135"}],"curies":[{"name":"wp","href":"https:\/\/api.w.org\/{rel}","templated":true}]}}