{"id":2156,"date":"2017-11-23T10:03:00","date_gmt":"2017-11-23T10:03:00","guid":{"rendered":"http:\/\/amscb.com\/?p=2156"},"modified":"2017-11-23T17:29:06","modified_gmt":"2017-11-23T17:29:06","slug":"certamen-en-honor-a-santa-cecilia-organizado-por-la-soledad","status":"publish","type":"post","link":"https:\/\/amscb.com\/?p=2156","title":{"rendered":"CERTAMEN EN HONOR A SANTA CECILIA ORGANIZADO POR \u201cLA SOLEDAD\u201d"},"content":{"rendered":"<p>El pr\u00f3ximo domingo, 26 de noviembre, participaremos en el certamen <em>Reino de Le\u00f3n \u2014<\/em>en honor a Santa Cecilia\u2014 que organiza la <em>Asociaci\u00f3n Cultural Nuestra Se\u00f1ora de la Soledad <\/em>y<em> la Hermandad de Santa Marta y de la Sagrada Cena\u00a0<\/em>desde las 17:30 horas en el pabell\u00f3n La Torre.<\/p>\n<p>Participan tambi\u00e9n la <em>Banda de Cornetas y Tambores Nazareno y Soledad<\/em> (Astorga), <em>Agrupaci\u00f3n Musical Dulce Nombre de Jes\u00fas Nazareno<\/em>, <em>Banda de Cornetas y Tambores Sant\u00edsimo Cristo de la Victoria<\/em>, <em>Agrupaci\u00f3n Musical Santa Marta y Sagrada Cena<\/em> y <em>Banda de Cornetas y Tambores Nuestra Se\u00f1ora de la Soledad.<\/em><\/p>\n<p>Tres marchas que estar\u00e1n incluidas en nuestro pr\u00f3ximo disco son las elegidas para el acto:<\/p>\n<ul>\n<li><em>Al Dios de la Bienaventuranza<\/em> de Jos\u00e9 Manuel S\u00e1nchez Molero.<\/li>\n<li><em>Si\u00f3n<\/em> de Daniel Yubero Recio.<\/li>\n<li><em>Jesum Nazarenum<\/em> de Alberto Villafa\u00f1e.<\/li>\n<\/ul>\n<p>La organizaci\u00f3n establece un precio de dos euros por persona como entrada, que se podr\u00e1 adquirir el mismo d\u00eda del certamen en el acceso al pabell\u00f3n. Os esperamos para conmemorar el d\u00eda de la patrona de la m\u00fasica que cada 22 de noviembre recordamos.<\/p>\n<p><a href=\"http:\/\/amscb.com\/wp-content\/uploads\/2017\/11\/23754719_1947229968932995_5896601603078447770_n.jpg\"><img decoding=\"async\" loading=\"lazy\" class=\"aligncenter size-full wp-image-2157\" src=\"http:\/\/amscb.com\/wp-content\/uploads\/2017\/11\/23754719_1947229968932995_5896601603078447770_n.jpg\" alt=\"\" width=\"682\" height=\"960\" srcset=\"https:\/\/amscb.com\/wp-content\/uploads\/2017\/11\/23754719_1947229968932995_5896601603078447770_n.jpg 682w, https:\/\/amscb.com\/wp-content\/uploads\/2017\/11\/23754719_1947229968932995_5896601603078447770_n-213x300.jpg 213w\" sizes=\"(max-width: 682px) 100vw, 682px\" \/><\/a><\/p>\n","protected":false},"excerpt":{"rendered":"<p>El pr\u00f3ximo domingo, 26 de noviembre, participaremos en el certamen Reino de Le\u00f3n \u2014en honor a Santa Cecilia\u2014 que organiza la Asociaci\u00f3n Cultural Nuestra Se\u00f1ora de la Soledad y la Hermandad de Santa Marta y de la Sagrada Cena\u00a0desde las 17:30 horas en el pabell\u00f3n La Torre. Participan tambi\u00e9n la Banda de Cornetas y Tambores [&hellip;]<\/p>\n","protected":false},"author":2,"featured_media":0,"comment_status":"open","ping_status":"open","sticky":false,"template":"","format":"standard","meta":[],"categories":[],"tags":[],"_links":{"self":[{"href":"https:\/\/amscb.com\/index.php?rest_route=\/wp\/v2\/posts\/2156"}],"collection":[{"href":"https:\/\/amscb.com\/index.php?rest_route=\/wp\/v2\/posts"}],"about":[{"href":"https:\/\/amscb.com\/index.php?rest_route=\/wp\/v2\/types\/post"}],"author":[{"embeddable":true,"href":"https:\/\/amscb.com\/index.php?rest_route=\/wp\/v2\/users\/2"}],"replies":[{"embeddable":true,"href":"https:\/\/amscb.com\/index.php?rest_route=%2Fwp%2Fv2%2Fcomments&post=2156"}],"version-history":[{"count":8,"href":"https:\/\/amscb.com\/index.php?rest_route=\/wp\/v2\/posts\/2156\/revisions"}],"predecessor-version":[{"id":2166,"href":"https:\/\/amscb.com\/index.php?rest_route=\/wp\/v2\/posts\/2156\/revisions\/2166"}],"wp:attachment":[{"href":"https:\/\/amscb.com\/index.php?rest_route=%2Fwp%2Fv2%2Fmedia&parent=2156"}],"wp:term":[{"taxonomy":"category","embeddable":true,"href":"https:\/\/amscb.com\/index.php?rest_route=%2Fwp%2Fv2%2Fcategories&post=2156"},{"taxonomy":"post_tag","embeddable":true,"href":"https:\/\/amscb.com\/index.php?rest_route=%2Fwp%2Fv2%2Ftags&post=2156"}],"curies":[{"name":"wp","href":"https:\/\/api.w.org\/{rel}","templated":true}]}}