{"id":2216,"date":"2018-01-21T23:17:32","date_gmt":"2018-01-21T23:17:32","guid":{"rendered":"http:\/\/amscb.com\/?p=2216"},"modified":"2018-01-21T23:17:32","modified_gmt":"2018-01-21T23:17:32","slug":"entradas-a-la-venta-para-la-presentacion-de-suenos-de-un-ayer","status":"publish","type":"post","link":"https:\/\/amscb.com\/?p=2216","title":{"rendered":"ENTRADAS A LA VENTA PARA LA PRESENTACI\u00d3N DE \u00abSUE\u00d1OS DE UN AYER\u00bb"},"content":{"rendered":"<p>Como adelantamos la semana pasada, el pr\u00f3ximo 4 de febrero, a partir de las 19:00 horas, el auditorio Ciudad de Le\u00f3n acoge el concierto en el que presentaremos nuestro primer trabajo discogr\u00e1fico, que lleva por t\u00edtulo\u00a0<em>Sue\u00f1os de un ayer,\u00a0<\/em>conmemorando el sexto aniversario de la formaci\u00f3n.<\/p>\n<p>El concierto, presentado por el conocido pap\u00f3n leon\u00e9s Carlos Garc\u00eda Rioja, tendr\u00e1 adem\u00e1s car\u00e1cter ben\u00e9fico en favor de las Conferencias de San Vicente de Pa\u00fal del barrio de San Claudio.<\/p>\n<p>Las entradas se encuentran ya a la venta en la sede de la cofrad\u00eda (Cipriano de la Huerga, 10), en el caf\u00e9-bar Brezo (Cipriano de la Huerga, 20) y en el bar Entrevarales (San Francisco, 5); y pueden adquirirse tambi\u00e9n a trav\u00e9s de la p\u00e1gina web <a href=\"https:\/\/www.vayaentradas.com\/\">www.vayaentradas.com<\/a>. El precio de las mismas es de 4 euros, excepto si se compran a trav\u00e9s de internet, en cuyo caso se ha de sumar 1 euro m\u00e1s en concepto de gastos de gesti\u00f3n.<\/p>\n<p><em><strong>Sue\u00f1os de un ayer<\/strong><\/em><\/p>\n<p><em>Sue\u00f1os de un ayer<\/em> es el primer trabajo discogr\u00e1fico de la agrupaci\u00f3n, que toma su t\u00edtulo de una de las 20 marchas que contiene el disco \u2013la gran mayor\u00eda propias\u2013 y que podr\u00e1 ser adquirido en el mismo concierto al precio de 15 euros.<\/p>\n<p><a href=\"http:\/\/amscb.com\/wp-content\/uploads\/2018\/01\/cartel-02.jpg\"><img decoding=\"async\" loading=\"lazy\" class=\"aligncenter size-large wp-image-2217\" src=\"http:\/\/amscb.com\/wp-content\/uploads\/2018\/01\/cartel-02-724x1024.jpg\" alt=\"\" width=\"724\" height=\"1024\" srcset=\"https:\/\/amscb.com\/wp-content\/uploads\/2018\/01\/cartel-02-724x1024.jpg 724w, https:\/\/amscb.com\/wp-content\/uploads\/2018\/01\/cartel-02-212x300.jpg 212w, https:\/\/amscb.com\/wp-content\/uploads\/2018\/01\/cartel-02-768x1086.jpg 768w, https:\/\/amscb.com\/wp-content\/uploads\/2018\/01\/cartel-02.jpg 1754w\" sizes=\"(max-width: 724px) 100vw, 724px\" \/><\/a><\/p>\n","protected":false},"excerpt":{"rendered":"<p>Como adelantamos la semana pasada, el pr\u00f3ximo 4 de febrero, a partir de las 19:00 horas, el auditorio Ciudad de Le\u00f3n acoge el concierto en el que presentaremos nuestro primer trabajo discogr\u00e1fico, que lleva por t\u00edtulo\u00a0Sue\u00f1os de un ayer,\u00a0conmemorando el sexto aniversario de la formaci\u00f3n. El concierto, presentado por el conocido pap\u00f3n leon\u00e9s Carlos Garc\u00eda [&hellip;]<\/p>\n","protected":false},"author":2,"featured_media":0,"comment_status":"open","ping_status":"open","sticky":false,"template":"","format":"standard","meta":[],"categories":[],"tags":[],"_links":{"self":[{"href":"https:\/\/amscb.com\/index.php?rest_route=\/wp\/v2\/posts\/2216"}],"collection":[{"href":"https:\/\/amscb.com\/index.php?rest_route=\/wp\/v2\/posts"}],"about":[{"href":"https:\/\/amscb.com\/index.php?rest_route=\/wp\/v2\/types\/post"}],"author":[{"embeddable":true,"href":"https:\/\/amscb.com\/index.php?rest_route=\/wp\/v2\/users\/2"}],"replies":[{"embeddable":true,"href":"https:\/\/amscb.com\/index.php?rest_route=%2Fwp%2Fv2%2Fcomments&post=2216"}],"version-history":[{"count":3,"href":"https:\/\/amscb.com\/index.php?rest_route=\/wp\/v2\/posts\/2216\/revisions"}],"predecessor-version":[{"id":2220,"href":"https:\/\/amscb.com\/index.php?rest_route=\/wp\/v2\/posts\/2216\/revisions\/2220"}],"wp:attachment":[{"href":"https:\/\/amscb.com\/index.php?rest_route=%2Fwp%2Fv2%2Fmedia&parent=2216"}],"wp:term":[{"taxonomy":"category","embeddable":true,"href":"https:\/\/amscb.com\/index.php?rest_route=%2Fwp%2Fv2%2Fcategories&post=2216"},{"taxonomy":"post_tag","embeddable":true,"href":"https:\/\/amscb.com\/index.php?rest_route=%2Fwp%2Fv2%2Ftags&post=2216"}],"curies":[{"name":"wp","href":"https:\/\/api.w.org\/{rel}","templated":true}]}}