{"id":2245,"date":"2018-03-07T22:51:48","date_gmt":"2018-03-07T22:51:48","guid":{"rendered":"http:\/\/amscb.com\/?p=2245"},"modified":"2018-03-08T21:51:00","modified_gmt":"2018-03-08T21:51:00","slug":"concierto-en-la-vii-semana-cultural-del-perdon","status":"publish","type":"post","link":"https:\/\/amscb.com\/?p=2245","title":{"rendered":"CONCIERTO EN LA \u201cVII SEMANA CULTURAL\u201d DEL PERD\u00d3N"},"content":{"rendered":"<p>Con motivo de la <em>VII Semana Cultural<\/em> y el <em>III Certamen de M\u00fasica Procesional<\/em> organizado por la Cofrad\u00eda Santo Cristo del Perd\u00f3n de Le\u00f3n, actuaremos el pr\u00f3ximo viernes, 9 de marzo, desde las 21:00 horas en el Petit Palais (Palac\u00edn) situado en la avenida Doctor Fleming.<\/p>\n<p>Las marchas que interpretaremos son:<\/p>\n<ul>\n<li><em>La Saeta<\/em> (J. M. Serrat).<\/li>\n<li><em>Resucit\u00f3<\/em> (Kiko Arg\u00fcello).<\/li>\n<li><em>Entre rosas y espinas<\/em> (\u00c1ngel Esquivel).<\/li>\n<li><em>La Soledad del Cautivo<\/em> (Fco. Jos\u00e9 Carrasco).<\/li>\n<li><em>Caridad del Guadalquivir<\/em> (Paco Lola).<\/li>\n<li><em>Shalom aleijem<\/em> (\u00c1ngel Esquivel).<\/li>\n<li><em>Sevilla en primavera<\/em> (Miguel \u00c1ngel Font y Fran Ortiz).<\/li>\n<li><em>Navegando mi Alma<\/em> (Miguel \u00c1ngel Font).<\/li>\n<li><em>Bienaventurado tu Reino<\/em> (J. \u00c1ngel Tom\u00e1s y Alberto Hern\u00e1ndez).<\/li>\n<li><em>Gitano de Sevilla<\/em> (Miguel \u00c1ngel Font y Paco Lola).<\/li>\n<li><em>Iesum Nazarenum<\/em> (Alberto Villafa\u00f1e).<\/li>\n<\/ul>\n<p>Hasta el 11 de marzo se puede disfrutar de la exposici\u00f3n de im\u00e1genes de la Semana Santa leonesa y actuaciones musicales en horario de 16 a 22 horas.<\/p>\n<p><a href=\"http:\/\/amscb.com\/wp-content\/uploads\/2018\/03\/28235044_1107240916097716_8595656384184946014_o.jpg\"><img decoding=\"async\" loading=\"lazy\" class=\"aligncenter wp-image-2247\" src=\"http:\/\/amscb.com\/wp-content\/uploads\/2018\/03\/28235044_1107240916097716_8595656384184946014_o-533x1024.jpg\" alt=\"\" width=\"633\" height=\"1215\" srcset=\"https:\/\/amscb.com\/wp-content\/uploads\/2018\/03\/28235044_1107240916097716_8595656384184946014_o-533x1024.jpg 533w, https:\/\/amscb.com\/wp-content\/uploads\/2018\/03\/28235044_1107240916097716_8595656384184946014_o-156x300.jpg 156w, https:\/\/amscb.com\/wp-content\/uploads\/2018\/03\/28235044_1107240916097716_8595656384184946014_o-768x1475.jpg 768w, https:\/\/amscb.com\/wp-content\/uploads\/2018\/03\/28235044_1107240916097716_8595656384184946014_o.jpg 963w\" sizes=\"(max-width: 633px) 100vw, 633px\" \/><\/a><\/p>\n","protected":false},"excerpt":{"rendered":"<p>Con motivo de la VII Semana Cultural y el III Certamen de M\u00fasica Procesional organizado por la Cofrad\u00eda Santo Cristo del Perd\u00f3n de Le\u00f3n, actuaremos el pr\u00f3ximo viernes, 9 de marzo, desde las 21:00 horas en el Petit Palais (Palac\u00edn) situado en la avenida Doctor Fleming. Las marchas que interpretaremos son: La Saeta (J. M. [&hellip;]<\/p>\n","protected":false},"author":2,"featured_media":0,"comment_status":"open","ping_status":"open","sticky":false,"template":"","format":"standard","meta":[],"categories":[],"tags":[],"_links":{"self":[{"href":"https:\/\/amscb.com\/index.php?rest_route=\/wp\/v2\/posts\/2245"}],"collection":[{"href":"https:\/\/amscb.com\/index.php?rest_route=\/wp\/v2\/posts"}],"about":[{"href":"https:\/\/amscb.com\/index.php?rest_route=\/wp\/v2\/types\/post"}],"author":[{"embeddable":true,"href":"https:\/\/amscb.com\/index.php?rest_route=\/wp\/v2\/users\/2"}],"replies":[{"embeddable":true,"href":"https:\/\/amscb.com\/index.php?rest_route=%2Fwp%2Fv2%2Fcomments&post=2245"}],"version-history":[{"count":6,"href":"https:\/\/amscb.com\/index.php?rest_route=\/wp\/v2\/posts\/2245\/revisions"}],"predecessor-version":[{"id":2253,"href":"https:\/\/amscb.com\/index.php?rest_route=\/wp\/v2\/posts\/2245\/revisions\/2253"}],"wp:attachment":[{"href":"https:\/\/amscb.com\/index.php?rest_route=%2Fwp%2Fv2%2Fmedia&parent=2245"}],"wp:term":[{"taxonomy":"category","embeddable":true,"href":"https:\/\/amscb.com\/index.php?rest_route=%2Fwp%2Fv2%2Fcategories&post=2245"},{"taxonomy":"post_tag","embeddable":true,"href":"https:\/\/amscb.com\/index.php?rest_route=%2Fwp%2Fv2%2Ftags&post=2245"}],"curies":[{"name":"wp","href":"https:\/\/api.w.org\/{rel}","templated":true}]}}