{"id":2269,"date":"2018-03-23T16:29:51","date_gmt":"2018-03-23T16:29:51","guid":{"rendered":"http:\/\/amscb.com\/?p=2269"},"modified":"2018-03-23T16:29:51","modified_gmt":"2018-03-23T16:29:51","slug":"semana-santa-2018-procesiones-y-pasos","status":"publish","type":"post","link":"https:\/\/amscb.com\/?p=2269","title":{"rendered":"SEMANA SANTA 2018 (PROCESIONES Y PASOS)"},"content":{"rendered":"<div id=\"attachment_2273\" style=\"width: 506px\" class=\"wp-caption alignright\"><a href=\"http:\/\/amscb.com\/wp-content\/uploads\/2018\/03\/IMG_20180323_172748_944.jpg\"><img aria-describedby=\"caption-attachment-2273\" decoding=\"async\" loading=\"lazy\" class=\"wp-image-2273\" src=\"http:\/\/amscb.com\/wp-content\/uploads\/2018\/03\/IMG_20180323_172748_944-896x1024.jpg\" alt=\"\" width=\"496\" height=\"567\" srcset=\"https:\/\/amscb.com\/wp-content\/uploads\/2018\/03\/IMG_20180323_172748_944-896x1024.jpg 896w, https:\/\/amscb.com\/wp-content\/uploads\/2018\/03\/IMG_20180323_172748_944-263x300.jpg 263w, https:\/\/amscb.com\/wp-content\/uploads\/2018\/03\/IMG_20180323_172748_944-768x877.jpg 768w, https:\/\/amscb.com\/wp-content\/uploads\/2018\/03\/IMG_20180323_172748_944.jpg 1357w\" sizes=\"(max-width: 496px) 100vw, 496px\" \/><\/a><p id=\"caption-attachment-2273\" class=\"wp-caption-text\">Fotograf\u00eda: Luis Reyero.<\/p><\/div>\n<p>Lleg\u00f3 el momento de vivir la semana m\u00e1s emotiva del a\u00f1o, la que nos une y da sentido al trabajo realizado desde septiembre. Las procesiones en las que participamos y los pasos a los que tenemos el honor de acompa\u00f1ar en la Semana Santa de 2018 son los siguientes:<\/p>\n<ul>\n<li><u>S\u00e1bado de Pasi\u00f3n (Le\u00f3n)<\/u>:<\/li>\n<\/ul>\n<ul>\n<li style=\"list-style-type: none;\">\n<ul>\n<li><strong>Procesi\u00f3n Jes\u00fas de la Esperanza\u00a0<\/strong>(plaza de Santo Martino, Real Colegiata de la Bas\u00edlica de San Isidoro, a las 18:00 horas).<\/li>\n<li>Sacramental y Penitencial Cofrad\u00eda de Nuestro Padre Jes\u00fas Sacramentado y Mar\u00eda Sant\u00edsima de La Piedad, Amparo de los Leoneses.<\/li>\n<li>Acompa\u00f1amos al paso de Nuestra Se\u00f1ora de la Esperanza.<\/li>\n<\/ul>\n<\/li>\n<\/ul>\n<ul>\n<li><u>Lunes Santo (Le\u00f3n)<\/u>:\n<ul>\n<li><strong>Procesi\u00f3n del Rosario de Pasi\u00f3n<\/strong>\u00a0(iglesia de San Marcelo, puerta de la Plaza de San Marcelo frente al Edificio de Botines, a las 20:45 horas).<\/li>\n<li>Hermandad de Santa Marta y de la Sagrada Cena.<\/li>\n<li>Acompa\u00f1amos\u00a0a los pasos La Oraci\u00f3n en el Huerto y La Flagelaci\u00f3n.<\/li>\n<\/ul>\n<\/li>\n<\/ul>\n<ul>\n<li><u>Mi\u00e9rcoles Santo (Le\u00f3n)<\/u>:\n<ul>\n<li><strong>Procesi\u00f3n Virgen de la Amargura<\/strong>\u00a0(plaza Mayor a las 20:45 horas).<\/li>\n<li>Real Cofrad\u00eda de Minerva y Vera Cruz.<\/li>\n<li>Acompa\u00f1amos los pasos\u00a0del Santo Cristo del Desenclavo y Nuestra Se\u00f1ora de la Veracruz.<\/li>\n<\/ul>\n<\/li>\n<\/ul>\n<ul>\n<li><u>Jueves Santo (Le\u00f3n)<\/u>:\n<ul>\n<li><strong>Procesi\u00f3n de las Bienaventuranzas\u00a0<\/strong>(patio del Alb\u00e9itar, calle Covadonga, a las 09:00 horas).<\/li>\n<li>Cofrad\u00eda Santo Cristo de la Bienaventuranza.<\/li>\n<li>Acompa\u00f1amos a los pasos del Santo Cristo de la Bienaventuranza y Nuestra Madre de la Piedad.<\/li>\n<li><strong>Procesi\u00f3n Mar\u00eda al Pie de la Cruz, Camino de la Esperanza<\/strong>\u00a0(patio del colegio de los PP. Capuchinos, calle Corredera, a las 19:15 horas).<\/li>\n<li>Cofrad\u00eda Mar\u00eda del Dulce Nombre.<\/li>\n<li>Acompa\u00f1amos al paso de La Cruz Gloriosa.<\/li>\n<\/ul>\n<\/li>\n<\/ul>\n<ul>\n<li><u>Viernes Santo (Le\u00f3n)<\/u>:\n<ul>\n<li><strong>Procesi\u00f3n de los Pasos\u00a0<\/strong>(iglesia de Santa Nonia, a las 07:30 horas).<\/li>\n<li>Cofrad\u00eda del Dulce Nombre de Jes\u00fas Nazareno.<\/li>\n<li>Acompa\u00f1amos a los pasos de La Crucifixi\u00f3n y el Sant\u00edsimo Cristo de la Agon\u00eda.<\/li>\n<li><strong>Solemne y Oficial Procesi\u00f3n del Santo Entierro<\/strong>\u00a0(iglesia de Santa Nonia, a las 18:00 horas).<\/li>\n<li>Cofrad\u00eda de Nuestra Se\u00f1ora de Angustias y Soledad<\/li>\n<li>Acompa\u00f1amos a los pasos Camino del Sepulcro y La Consolaci\u00f3n de Mar\u00eda.<\/li>\n<\/ul>\n<\/li>\n<\/ul>\n<ul>\n<li><u>S\u00e1bado Santo (Le\u00f3n)<\/u>:\n<ul>\n<li><strong>Procesi\u00f3n de la Soledad<\/strong>\u00a0(Iglesia de Jes\u00fas Divino Obrero, a las 19:00 horas).<\/li>\n<li>Real Hermandad de Jes\u00fas Divino Obrero.<\/li>\n<li>Acompa\u00f1amos al paso de San Juan Evangelista.<\/li>\n<\/ul>\n<\/li>\n<\/ul>\n<ul>\n<li><u>Domingo de Resurrecci\u00f3n (Laguna de Negrillos, Le\u00f3n)<\/u>:\n<ul>\n<li><strong>Procesi\u00f3n del Encuentro<\/strong>\u00a0(iglesia de San Juan Bautista, a las 12:00 horas).<\/li>\n<li>Acompa\u00f1amos al paso de Cristo Resucitado.<\/li>\n<\/ul>\n<\/li>\n<\/ul>\n<p>Compa\u00f1eros, hermanos, papones\u2026 \u00a1buena Semana Santa!<\/p>\n","protected":false},"excerpt":{"rendered":"<p>Lleg\u00f3 el momento de vivir la semana m\u00e1s emotiva del a\u00f1o, la que nos une y da sentido al trabajo realizado desde septiembre. Las procesiones en las que participamos y los pasos a los que tenemos el honor de acompa\u00f1ar en la Semana Santa de 2018 son los siguientes: S\u00e1bado de Pasi\u00f3n (Le\u00f3n): Procesi\u00f3n Jes\u00fas [&hellip;]<\/p>\n","protected":false},"author":2,"featured_media":0,"comment_status":"open","ping_status":"open","sticky":false,"template":"","format":"standard","meta":[],"categories":[14],"tags":[],"_links":{"self":[{"href":"https:\/\/amscb.com\/index.php?rest_route=\/wp\/v2\/posts\/2269"}],"collection":[{"href":"https:\/\/amscb.com\/index.php?rest_route=\/wp\/v2\/posts"}],"about":[{"href":"https:\/\/amscb.com\/index.php?rest_route=\/wp\/v2\/types\/post"}],"author":[{"embeddable":true,"href":"https:\/\/amscb.com\/index.php?rest_route=\/wp\/v2\/users\/2"}],"replies":[{"embeddable":true,"href":"https:\/\/amscb.com\/index.php?rest_route=%2Fwp%2Fv2%2Fcomments&post=2269"}],"version-history":[{"count":6,"href":"https:\/\/amscb.com\/index.php?rest_route=\/wp\/v2\/posts\/2269\/revisions"}],"predecessor-version":[{"id":2280,"href":"https:\/\/amscb.com\/index.php?rest_route=\/wp\/v2\/posts\/2269\/revisions\/2280"}],"wp:attachment":[{"href":"https:\/\/amscb.com\/index.php?rest_route=%2Fwp%2Fv2%2Fmedia&parent=2269"}],"wp:term":[{"taxonomy":"category","embeddable":true,"href":"https:\/\/amscb.com\/index.php?rest_route=%2Fwp%2Fv2%2Fcategories&post=2269"},{"taxonomy":"post_tag","embeddable":true,"href":"https:\/\/amscb.com\/index.php?rest_route=%2Fwp%2Fv2%2Ftags&post=2269"}],"curies":[{"name":"wp","href":"https:\/\/api.w.org\/{rel}","templated":true}]}}