{"id":2296,"date":"2018-06-08T11:37:51","date_gmt":"2018-06-08T11:37:51","guid":{"rendered":"http:\/\/amscb.com\/?p=2296"},"modified":"2018-06-08T11:37:51","modified_gmt":"2018-06-08T11:37:51","slug":"sabado-jornada-de-convivencia-scb-domingo-procesion-de-los-altares","status":"publish","type":"post","link":"https:\/\/amscb.com\/?p=2296","title":{"rendered":"S\u00c1BADO: JORNADA DE CONVIVENCIA SCB. DOMINGO: PROCESI\u00d3N DE LOS ALTARES"},"content":{"rendered":"<p>Despedimos el \u00faltimo fin de semana de curso con dos actuaciones. La primera, organizada por la Cofrad\u00eda Santo Cristo de la Bienaventuranza con motivo de su vig\u00e9simo sexto aniversario y, la segunda, en la localidad de Navatejera.<\/p>\n<p>As\u00ed, el s\u00e1bado 9 de junio, participamos en la Jornada de Convivencia de nuestra Cofrad\u00eda con un concierto a las 13:00 horas en el colegio de San Claudio (c\/ Cipriano de la Huerga).<\/p>\n<p>Por otra parte, el domingo 10 de junio, acompa\u00f1amos a las im\u00e1genes de la parroquia de San Miguel Arc\u00e1ngel, de Navatejera, en la procesi\u00f3n de los Altares que comenzar\u00e1 al terminar la misa de las 12:00 horas.<\/p>\n<p><a href=\"http:\/\/amscb.com\/wp-content\/uploads\/2018\/06\/scb-convivencia.jpg\"><img decoding=\"async\" loading=\"lazy\" class=\"aligncenter wp-image-2297 size-large\" src=\"http:\/\/amscb.com\/wp-content\/uploads\/2018\/06\/scb-convivencia-1024x724.jpg\" alt=\"\" width=\"960\" height=\"679\" srcset=\"https:\/\/amscb.com\/wp-content\/uploads\/2018\/06\/scb-convivencia-1024x724.jpg 1024w, https:\/\/amscb.com\/wp-content\/uploads\/2018\/06\/scb-convivencia-300x212.jpg 300w, https:\/\/amscb.com\/wp-content\/uploads\/2018\/06\/scb-convivencia-768x543.jpg 768w, https:\/\/amscb.com\/wp-content\/uploads\/2018\/06\/scb-convivencia.jpg 1200w\" sizes=\"(max-width: 960px) 100vw, 960px\" \/><\/a><\/p>\n","protected":false},"excerpt":{"rendered":"<p>Despedimos el \u00faltimo fin de semana de curso con dos actuaciones. La primera, organizada por la Cofrad\u00eda Santo Cristo de la Bienaventuranza con motivo de su vig\u00e9simo sexto aniversario y, la segunda, en la localidad de Navatejera. As\u00ed, el s\u00e1bado 9 de junio, participamos en la Jornada de Convivencia de nuestra Cofrad\u00eda con un concierto [&hellip;]<\/p>\n","protected":false},"author":2,"featured_media":0,"comment_status":"open","ping_status":"open","sticky":false,"template":"","format":"standard","meta":[],"categories":[],"tags":[],"_links":{"self":[{"href":"https:\/\/amscb.com\/index.php?rest_route=\/wp\/v2\/posts\/2296"}],"collection":[{"href":"https:\/\/amscb.com\/index.php?rest_route=\/wp\/v2\/posts"}],"about":[{"href":"https:\/\/amscb.com\/index.php?rest_route=\/wp\/v2\/types\/post"}],"author":[{"embeddable":true,"href":"https:\/\/amscb.com\/index.php?rest_route=\/wp\/v2\/users\/2"}],"replies":[{"embeddable":true,"href":"https:\/\/amscb.com\/index.php?rest_route=%2Fwp%2Fv2%2Fcomments&post=2296"}],"version-history":[{"count":2,"href":"https:\/\/amscb.com\/index.php?rest_route=\/wp\/v2\/posts\/2296\/revisions"}],"predecessor-version":[{"id":2299,"href":"https:\/\/amscb.com\/index.php?rest_route=\/wp\/v2\/posts\/2296\/revisions\/2299"}],"wp:attachment":[{"href":"https:\/\/amscb.com\/index.php?rest_route=%2Fwp%2Fv2%2Fmedia&parent=2296"}],"wp:term":[{"taxonomy":"category","embeddable":true,"href":"https:\/\/amscb.com\/index.php?rest_route=%2Fwp%2Fv2%2Fcategories&post=2296"},{"taxonomy":"post_tag","embeddable":true,"href":"https:\/\/amscb.com\/index.php?rest_route=%2Fwp%2Fv2%2Ftags&post=2296"}],"curies":[{"name":"wp","href":"https:\/\/api.w.org\/{rel}","templated":true}]}}