{"id":2301,"date":"2018-07-09T12:11:39","date_gmt":"2018-07-09T12:11:39","guid":{"rendered":"http:\/\/amscb.com\/?p=2301"},"modified":"2018-07-09T12:27:09","modified_gmt":"2018-07-09T12:27:09","slug":"acuerdo-con-la-hermandad-de-jesus-despojado-alcala-de-henares-para-el-domingo-de-ramos-de-2019","status":"publish","type":"post","link":"https:\/\/amscb.com\/?p=2301","title":{"rendered":"ACUERDO CON LA HERMANDAD DE JES\u00daS DESPOJADO (ALCAL\u00c1 DE HENARES) PARA EL DOMINGO DE RAMOS DE 2019"},"content":{"rendered":"<div id=\"attachment_2302\" style=\"width: 360px\" class=\"wp-caption alignleft\"><a href=\"http:\/\/amscb.com\/wp-content\/uploads\/2018\/07\/viacrusis-despojado-2017-044bbbb.jpg\"><img aria-describedby=\"caption-attachment-2302\" decoding=\"async\" loading=\"lazy\" class=\"wp-image-2302\" src=\"http:\/\/amscb.com\/wp-content\/uploads\/2018\/07\/viacrusis-despojado-2017-044bbbb.jpg\" alt=\"\" width=\"350\" height=\"533\" srcset=\"https:\/\/amscb.com\/wp-content\/uploads\/2018\/07\/viacrusis-despojado-2017-044bbbb.jpg 2362w, https:\/\/amscb.com\/wp-content\/uploads\/2018\/07\/viacrusis-despojado-2017-044bbbb-197x300.jpg 197w, https:\/\/amscb.com\/wp-content\/uploads\/2018\/07\/viacrusis-despojado-2017-044bbbb-768x1169.jpg 768w, https:\/\/amscb.com\/wp-content\/uploads\/2018\/07\/viacrusis-despojado-2017-044bbbb-673x1024.jpg 673w\" sizes=\"(max-width: 350px) 100vw, 350px\" \/><\/a><p id=\"caption-attachment-2302\" class=\"wp-caption-text\">Fotograf\u00eda: Hermandad de Jes\u00fas Despojado (Alcal\u00e1 de Henares).<\/p><\/div>\n<p>El pr\u00f3ximo Domingo de Ramos acompa\u00f1aremos a <em>Jes\u00fas Despojado de sus Vestiduras<\/em> en su estaci\u00f3n de penitencia a la Santa e Insigne Catedral Magistral de Alcal\u00e1 de Henares. As\u00ed se ha acordado con la <em>Hermandad de Jes\u00fas Despojado de sus Vestiduras, Mar\u00eda Sant\u00edsima de la Paz y Esperanza y San Juan Evangelista<\/em>, de la citada localidad madrile\u00f1a.<\/p>\n<p>Nuestro agradecimiento a la Hermandad y nuestro m\u00e1ximo respeto y admiraci\u00f3n a la imagen de Jes\u00fas \u2014del escultor imaginero Rafael Mart\u00edn Hern\u00e1ndez\u2014 y a sus costaleros. Nos llena de ilusi\u00f3n adquirir el compromiso de guiar sus pasos en la tarde del Domingo de Ramos de 2019. Contamos, para ello, con un amplio repertorio comprendido tambi\u00e9n por composiciones propias recogidas, en parte, en el reciente trabajo discogr\u00e1fico <a href=\"https:\/\/open.spotify.com\/album\/51wPJezNGfTDhu23w5t3C8?si=ra5bTmLgQOijOMfCvqoEKA\"><em>Sue\u00f1os de un ayer<\/em><\/a>.<\/p>\n","protected":false},"excerpt":{"rendered":"<p>El pr\u00f3ximo Domingo de Ramos acompa\u00f1aremos a Jes\u00fas Despojado de sus Vestiduras en su estaci\u00f3n de penitencia a la Santa e Insigne Catedral Magistral de Alcal\u00e1 de Henares. As\u00ed se ha acordado con la Hermandad de Jes\u00fas Despojado de sus Vestiduras, Mar\u00eda Sant\u00edsima de la Paz y Esperanza y San Juan Evangelista, de la citada [&hellip;]<\/p>\n","protected":false},"author":2,"featured_media":0,"comment_status":"open","ping_status":"open","sticky":false,"template":"","format":"image","meta":[],"categories":[14],"tags":[],"_links":{"self":[{"href":"https:\/\/amscb.com\/index.php?rest_route=\/wp\/v2\/posts\/2301"}],"collection":[{"href":"https:\/\/amscb.com\/index.php?rest_route=\/wp\/v2\/posts"}],"about":[{"href":"https:\/\/amscb.com\/index.php?rest_route=\/wp\/v2\/types\/post"}],"author":[{"embeddable":true,"href":"https:\/\/amscb.com\/index.php?rest_route=\/wp\/v2\/users\/2"}],"replies":[{"embeddable":true,"href":"https:\/\/amscb.com\/index.php?rest_route=%2Fwp%2Fv2%2Fcomments&post=2301"}],"version-history":[{"count":4,"href":"https:\/\/amscb.com\/index.php?rest_route=\/wp\/v2\/posts\/2301\/revisions"}],"predecessor-version":[{"id":2306,"href":"https:\/\/amscb.com\/index.php?rest_route=\/wp\/v2\/posts\/2301\/revisions\/2306"}],"wp:attachment":[{"href":"https:\/\/amscb.com\/index.php?rest_route=%2Fwp%2Fv2%2Fmedia&parent=2301"}],"wp:term":[{"taxonomy":"category","embeddable":true,"href":"https:\/\/amscb.com\/index.php?rest_route=%2Fwp%2Fv2%2Fcategories&post=2301"},{"taxonomy":"post_tag","embeddable":true,"href":"https:\/\/amscb.com\/index.php?rest_route=%2Fwp%2Fv2%2Ftags&post=2301"}],"curies":[{"name":"wp","href":"https:\/\/api.w.org\/{rel}","templated":true}]}}