{"id":2309,"date":"2018-09-05T19:12:03","date_gmt":"2018-09-05T19:12:03","guid":{"rendered":"http:\/\/amscb.com\/?p=2309"},"modified":"2018-09-05T19:12:03","modified_gmt":"2018-09-05T19:12:03","slug":"iniciamos-el-curso-2018-2019","status":"publish","type":"post","link":"https:\/\/amscb.com\/?p=2309","title":{"rendered":"INICIAMOS EL CURSO 2018\/2019"},"content":{"rendered":"<p><a href=\"http:\/\/amscb.com\/wp-content\/uploads\/2018\/09\/AMSCB-18-19.jpg\"><img decoding=\"async\" loading=\"lazy\" class=\"alignleft wp-image-2310\" src=\"http:\/\/amscb.com\/wp-content\/uploads\/2018\/09\/AMSCB-18-19.jpg\" alt=\"\" width=\"500\" height=\"755\" srcset=\"https:\/\/amscb.com\/wp-content\/uploads\/2018\/09\/AMSCB-18-19.jpg 1920w, https:\/\/amscb.com\/wp-content\/uploads\/2018\/09\/AMSCB-18-19-199x300.jpg 199w, https:\/\/amscb.com\/wp-content\/uploads\/2018\/09\/AMSCB-18-19-768x1160.jpg 768w, https:\/\/amscb.com\/wp-content\/uploads\/2018\/09\/AMSCB-18-19-678x1024.jpg 678w\" sizes=\"(max-width: 500px) 100vw, 500px\" \/><\/a><\/p>\n<p>El pr\u00f3ximo martes, 11 de septiembre, empezamos el curso con nuevos proyectos y una Semana Santa muy ilusionante por delante.<\/p>\n<p>A las 20:30 horas daremos la bienvenida a todas las personas interesadas en formar parte de la agrupaci\u00f3n, en una reuni\u00f3n informativa que tendr\u00e1 lugar en nuestra nave de ensayo (c\/ Diego Yuste). Os recordamos que no es necesario tener instrumento propio.<\/p>\n<p>A partir de las 21:00 horas comenzaremos el nuevo curso ya con todos los componentes y, a continuaci\u00f3n, tendremos el primer ensayo.<\/p>\n<p>Estamos a vuestra disposici\u00f3n para cualquier consulta en el correo <a href=\"mailto:direccion@amscb.com\">direccion@amscb.com<\/a> o nuestro perfil en redes sociales (<a href=\"https:\/\/www.facebook.com\/amscbleon\/\">Facebook<\/a>, <a href=\"https:\/\/twitter.com\/amscb_leon\">Twitter<\/a> e <a href=\"https:\/\/www.instagram.com\/amscbleon\/\">Instagram<\/a>).<\/p>\n","protected":false},"excerpt":{"rendered":"<p>El pr\u00f3ximo martes, 11 de septiembre, empezamos el curso con nuevos proyectos y una Semana Santa muy ilusionante por delante. A las 20:30 horas daremos la bienvenida a todas las personas interesadas en formar parte de la agrupaci\u00f3n, en una reuni\u00f3n informativa que tendr\u00e1 lugar en nuestra nave de ensayo (c\/ Diego Yuste). Os recordamos [&hellip;]<\/p>\n","protected":false},"author":2,"featured_media":0,"comment_status":"open","ping_status":"open","sticky":false,"template":"","format":"standard","meta":[],"categories":[],"tags":[],"_links":{"self":[{"href":"https:\/\/amscb.com\/index.php?rest_route=\/wp\/v2\/posts\/2309"}],"collection":[{"href":"https:\/\/amscb.com\/index.php?rest_route=\/wp\/v2\/posts"}],"about":[{"href":"https:\/\/amscb.com\/index.php?rest_route=\/wp\/v2\/types\/post"}],"author":[{"embeddable":true,"href":"https:\/\/amscb.com\/index.php?rest_route=\/wp\/v2\/users\/2"}],"replies":[{"embeddable":true,"href":"https:\/\/amscb.com\/index.php?rest_route=%2Fwp%2Fv2%2Fcomments&post=2309"}],"version-history":[{"count":2,"href":"https:\/\/amscb.com\/index.php?rest_route=\/wp\/v2\/posts\/2309\/revisions"}],"predecessor-version":[{"id":2312,"href":"https:\/\/amscb.com\/index.php?rest_route=\/wp\/v2\/posts\/2309\/revisions\/2312"}],"wp:attachment":[{"href":"https:\/\/amscb.com\/index.php?rest_route=%2Fwp%2Fv2%2Fmedia&parent=2309"}],"wp:term":[{"taxonomy":"category","embeddable":true,"href":"https:\/\/amscb.com\/index.php?rest_route=%2Fwp%2Fv2%2Fcategories&post=2309"},{"taxonomy":"post_tag","embeddable":true,"href":"https:\/\/amscb.com\/index.php?rest_route=%2Fwp%2Fv2%2Ftags&post=2309"}],"curies":[{"name":"wp","href":"https:\/\/api.w.org\/{rel}","templated":true}]}}