{"id":2321,"date":"2018-09-27T17:43:05","date_gmt":"2018-09-27T17:43:05","guid":{"rendered":"http:\/\/amscb.com\/?p=2321"},"modified":"2018-09-27T17:50:40","modified_gmt":"2018-09-27T17:50:40","slug":"peregrinacion-a-la-virgen-del-camino","status":"publish","type":"post","link":"https:\/\/amscb.com\/?p=2321","title":{"rendered":"PEREGRINACI\u00d3N A LA VIRGEN DEL CAMINO"},"content":{"rendered":"<div id=\"attachment_2322\" style=\"width: 570px\" class=\"wp-caption alignright\"><a href=\"http:\/\/amscb.com\/wp-content\/uploads\/2018\/09\/296531_284363531586656_881222387_n.jpg\"><img aria-describedby=\"caption-attachment-2322\" decoding=\"async\" loading=\"lazy\" class=\"wp-image-2322\" src=\"http:\/\/amscb.com\/wp-content\/uploads\/2018\/09\/296531_284363531586656_881222387_n.jpg\" alt=\"\" width=\"560\" height=\"371\" srcset=\"https:\/\/amscb.com\/wp-content\/uploads\/2018\/09\/296531_284363531586656_881222387_n.jpg 960w, https:\/\/amscb.com\/wp-content\/uploads\/2018\/09\/296531_284363531586656_881222387_n-300x199.jpg 300w, https:\/\/amscb.com\/wp-content\/uploads\/2018\/09\/296531_284363531586656_881222387_n-768x509.jpg 768w\" sizes=\"(max-width: 560px) 100vw, 560px\" \/><\/a><p id=\"caption-attachment-2322\" class=\"wp-caption-text\">Fotograf\u00eda: Luis Reyero.<\/p><\/div>\n<p>El pr\u00f3ximo s\u00e1bado, 29 de septiembre, acompa\u00f1aremos a Nuestra Madre de la Piedad en la peregrinaci\u00f3n a la Virgen del Camino que se celebrar\u00e1 con motivo\u00a0 de la clausura de los actos del vig\u00e9simo aniversario de la imagen.<\/p>\n<p>La peregrinaci\u00f3n se iniciar\u00e1 a las 19:00 horas desde el Humilladero, finalizando en la bas\u00edlica de la patrona de la Regi\u00f3n Leonesa con una eucarist\u00eda a las 20:30 horas.<\/p>\n","protected":false},"excerpt":{"rendered":"<p>El pr\u00f3ximo s\u00e1bado, 29 de septiembre, acompa\u00f1aremos a Nuestra Madre de la Piedad en la peregrinaci\u00f3n a la Virgen del Camino que se celebrar\u00e1 con motivo\u00a0 de la clausura de los actos del vig\u00e9simo aniversario de la imagen. La peregrinaci\u00f3n se iniciar\u00e1 a las 19:00 horas desde el Humilladero, finalizando en la bas\u00edlica de la [&hellip;]<\/p>\n","protected":false},"author":2,"featured_media":0,"comment_status":"open","ping_status":"open","sticky":false,"template":"","format":"standard","meta":[],"categories":[],"tags":[],"_links":{"self":[{"href":"https:\/\/amscb.com\/index.php?rest_route=\/wp\/v2\/posts\/2321"}],"collection":[{"href":"https:\/\/amscb.com\/index.php?rest_route=\/wp\/v2\/posts"}],"about":[{"href":"https:\/\/amscb.com\/index.php?rest_route=\/wp\/v2\/types\/post"}],"author":[{"embeddable":true,"href":"https:\/\/amscb.com\/index.php?rest_route=\/wp\/v2\/users\/2"}],"replies":[{"embeddable":true,"href":"https:\/\/amscb.com\/index.php?rest_route=%2Fwp%2Fv2%2Fcomments&post=2321"}],"version-history":[{"count":3,"href":"https:\/\/amscb.com\/index.php?rest_route=\/wp\/v2\/posts\/2321\/revisions"}],"predecessor-version":[{"id":2326,"href":"https:\/\/amscb.com\/index.php?rest_route=\/wp\/v2\/posts\/2321\/revisions\/2326"}],"wp:attachment":[{"href":"https:\/\/amscb.com\/index.php?rest_route=%2Fwp%2Fv2%2Fmedia&parent=2321"}],"wp:term":[{"taxonomy":"category","embeddable":true,"href":"https:\/\/amscb.com\/index.php?rest_route=%2Fwp%2Fv2%2Fcategories&post=2321"},{"taxonomy":"post_tag","embeddable":true,"href":"https:\/\/amscb.com\/index.php?rest_route=%2Fwp%2Fv2%2Ftags&post=2321"}],"curies":[{"name":"wp","href":"https:\/\/api.w.org\/{rel}","templated":true}]}}