{"id":2329,"date":"2018-10-24T15:17:21","date_gmt":"2018-10-24T15:17:21","guid":{"rendered":"http:\/\/amscb.com\/?p=2329"},"modified":"2018-10-24T15:17:21","modified_gmt":"2018-10-24T15:17:21","slug":"festividad-de-san-claudio-2018","status":"publish","type":"post","link":"https:\/\/amscb.com\/?p=2329","title":{"rendered":"FESTIVIDAD DE SAN CLAUDIO 2018"},"content":{"rendered":"<div id=\"attachment_2330\" style=\"width: 710px\" class=\"wp-caption alignright\"><a href=\"http:\/\/amscb.com\/wp-content\/uploads\/2018\/10\/10710779_797989920239037_1648627792464943205_n.jpg\"><img aria-describedby=\"caption-attachment-2330\" decoding=\"async\" loading=\"lazy\" class=\"wp-image-2330\" src=\"http:\/\/amscb.com\/wp-content\/uploads\/2018\/10\/10710779_797989920239037_1648627792464943205_n.jpg\" alt=\"\" width=\"700\" height=\"465\" srcset=\"https:\/\/amscb.com\/wp-content\/uploads\/2018\/10\/10710779_797989920239037_1648627792464943205_n.jpg 960w, https:\/\/amscb.com\/wp-content\/uploads\/2018\/10\/10710779_797989920239037_1648627792464943205_n-300x199.jpg 300w, https:\/\/amscb.com\/wp-content\/uploads\/2018\/10\/10710779_797989920239037_1648627792464943205_n-768x510.jpg 768w\" sizes=\"(max-width: 700px) 100vw, 700px\" \/><\/a><p id=\"caption-attachment-2330\" class=\"wp-caption-text\">Fotograf\u00eda: Luis Reyero.<\/p><\/div>\n<p>El pr\u00f3ximo domingo, 28 de octubre, participaremos en la festividad de la Cofrad\u00eda celebrando el d\u00eda del santo leon\u00e9s que da nombre a la parroquia.<\/p>\n<p>La jornada comenzar\u00e1 a las 10:30 horas a la puerta de nuestra sede (calle\u00a0Cipriano de la Huerga, n\u00ba 10) donde dar\u00e1 comienzo un pasacalles recorriendo diversas calles del barrio.<\/p>\n<p>A las 11:00 horas, comenzar\u00e1 la procesi\u00f3n en la que acompa\u00f1aremos a la imagen de San Claudio y posteriormente, a las 12:30 horas se celebrar\u00e1 la eucarist\u00eda en la\u00a0iglesia parroquial.<\/p>\n","protected":false},"excerpt":{"rendered":"<p>El pr\u00f3ximo domingo, 28 de octubre, participaremos en la festividad de la Cofrad\u00eda celebrando el d\u00eda del santo leon\u00e9s que da nombre a la parroquia. La jornada comenzar\u00e1 a las 10:30 horas a la puerta de nuestra sede (calle\u00a0Cipriano de la Huerga, n\u00ba 10) donde dar\u00e1 comienzo un pasacalles recorriendo diversas calles del barrio. A [&hellip;]<\/p>\n","protected":false},"author":2,"featured_media":0,"comment_status":"open","ping_status":"open","sticky":false,"template":"","format":"standard","meta":[],"categories":[],"tags":[],"_links":{"self":[{"href":"https:\/\/amscb.com\/index.php?rest_route=\/wp\/v2\/posts\/2329"}],"collection":[{"href":"https:\/\/amscb.com\/index.php?rest_route=\/wp\/v2\/posts"}],"about":[{"href":"https:\/\/amscb.com\/index.php?rest_route=\/wp\/v2\/types\/post"}],"author":[{"embeddable":true,"href":"https:\/\/amscb.com\/index.php?rest_route=\/wp\/v2\/users\/2"}],"replies":[{"embeddable":true,"href":"https:\/\/amscb.com\/index.php?rest_route=%2Fwp%2Fv2%2Fcomments&post=2329"}],"version-history":[{"count":2,"href":"https:\/\/amscb.com\/index.php?rest_route=\/wp\/v2\/posts\/2329\/revisions"}],"predecessor-version":[{"id":2332,"href":"https:\/\/amscb.com\/index.php?rest_route=\/wp\/v2\/posts\/2329\/revisions\/2332"}],"wp:attachment":[{"href":"https:\/\/amscb.com\/index.php?rest_route=%2Fwp%2Fv2%2Fmedia&parent=2329"}],"wp:term":[{"taxonomy":"category","embeddable":true,"href":"https:\/\/amscb.com\/index.php?rest_route=%2Fwp%2Fv2%2Fcategories&post=2329"},{"taxonomy":"post_tag","embeddable":true,"href":"https:\/\/amscb.com\/index.php?rest_route=%2Fwp%2Fv2%2Ftags&post=2329"}],"curies":[{"name":"wp","href":"https:\/\/api.w.org\/{rel}","templated":true}]}}