{"id":2352,"date":"2018-11-21T12:12:41","date_gmt":"2018-11-21T12:12:41","guid":{"rendered":"http:\/\/amscb.com\/?p=2352"},"modified":"2018-11-21T16:33:54","modified_gmt":"2018-11-21T16:33:54","slug":"certamen-en-honor-a-santa-cecilia","status":"publish","type":"post","link":"https:\/\/amscb.com\/?p=2352","title":{"rendered":"CERTAMEN EN HONOR A SANTA CECILIA"},"content":{"rendered":"<p><a href=\"http:\/\/amscb.com\/wp-content\/uploads\/2018\/11\/Santa-Cecilia.jpg\"><img decoding=\"async\" loading=\"lazy\" class=\"alignright wp-image-2353\" src=\"http:\/\/amscb.com\/wp-content\/uploads\/2018\/11\/Santa-Cecilia-724x1024.jpg\" alt=\"\" width=\"550\" height=\"778\" srcset=\"https:\/\/amscb.com\/wp-content\/uploads\/2018\/11\/Santa-Cecilia-724x1024.jpg 724w, https:\/\/amscb.com\/wp-content\/uploads\/2018\/11\/Santa-Cecilia-212x300.jpg 212w, https:\/\/amscb.com\/wp-content\/uploads\/2018\/11\/Santa-Cecilia-768x1087.jpg 768w, https:\/\/amscb.com\/wp-content\/uploads\/2018\/11\/Santa-Cecilia.jpg 848w\" sizes=\"(max-width: 550px) 100vw, 550px\" \/><\/a>El pr\u00f3ximo domingo, 25 de noviembre, participaremos en el Certamen en honor a Santa Cecilia \u00abReino de Le\u00f3n\u00bb, organizado por la Asociaci\u00f3n Cultural Nuestra Se\u00f1ora de la Soledad y la Hermandad de Santa Marta y Sagrada Cena.<\/p>\n<p>La cita tendr\u00e1 lugar en el pabell\u00f3n <em>La Torre<\/em> a partir de las 17:30 horas con las actuaciones de\u00a0la Banda de Cornetas y Tambores Nazareno y Soledad (Astorga), Banda de Cornetas y Tambores Stmo. Cristo de la Victoria, Banda de Cornetas y Tambores Stma. Trinidad (Palencia), Agrupaci\u00f3n Musical Santa Marta y Sagrada Cena y la Banda de Cornetas y Tambores Ntra. Sra. de la Soledad.<\/p>\n<p>Agradecemos la invitaci\u00f3n a los organizadores que a\u00f1o tras a\u00f1o invierten tiempo y dedicaci\u00f3n para celebrar este certamen.<\/p>\n<p>El repertorio de nuestra formaci\u00f3n ser\u00e1 el siguiente:<\/p>\n<ul>\n<li>Dolores y Misericordia (Luis Joaqu\u00edn Lancharro).<\/li>\n<li>Heredar\u00e1s mi Reino (Daniel Yubero).<\/li>\n<li>Bienaventurado tu Reino (Jos\u00e9 \u00c1ngel Santo Tom\u00e1s y Alberto Hern\u00e1ndez).<\/li>\n<\/ul>\n<p>&nbsp;<\/p>\n","protected":false},"excerpt":{"rendered":"<p>El pr\u00f3ximo domingo, 25 de noviembre, participaremos en el Certamen en honor a Santa Cecilia \u00abReino de Le\u00f3n\u00bb, organizado por la Asociaci\u00f3n Cultural Nuestra Se\u00f1ora de la Soledad y la Hermandad de Santa Marta y Sagrada Cena. La cita tendr\u00e1 lugar en el pabell\u00f3n La Torre a partir de las 17:30 horas con las actuaciones [&hellip;]<\/p>\n","protected":false},"author":2,"featured_media":0,"comment_status":"open","ping_status":"open","sticky":false,"template":"","format":"standard","meta":[],"categories":[],"tags":[],"_links":{"self":[{"href":"https:\/\/amscb.com\/index.php?rest_route=\/wp\/v2\/posts\/2352"}],"collection":[{"href":"https:\/\/amscb.com\/index.php?rest_route=\/wp\/v2\/posts"}],"about":[{"href":"https:\/\/amscb.com\/index.php?rest_route=\/wp\/v2\/types\/post"}],"author":[{"embeddable":true,"href":"https:\/\/amscb.com\/index.php?rest_route=\/wp\/v2\/users\/2"}],"replies":[{"embeddable":true,"href":"https:\/\/amscb.com\/index.php?rest_route=%2Fwp%2Fv2%2Fcomments&post=2352"}],"version-history":[{"count":7,"href":"https:\/\/amscb.com\/index.php?rest_route=\/wp\/v2\/posts\/2352\/revisions"}],"predecessor-version":[{"id":2360,"href":"https:\/\/amscb.com\/index.php?rest_route=\/wp\/v2\/posts\/2352\/revisions\/2360"}],"wp:attachment":[{"href":"https:\/\/amscb.com\/index.php?rest_route=%2Fwp%2Fv2%2Fmedia&parent=2352"}],"wp:term":[{"taxonomy":"category","embeddable":true,"href":"https:\/\/amscb.com\/index.php?rest_route=%2Fwp%2Fv2%2Fcategories&post=2352"},{"taxonomy":"post_tag","embeddable":true,"href":"https:\/\/amscb.com\/index.php?rest_route=%2Fwp%2Fv2%2Ftags&post=2352"}],"curies":[{"name":"wp","href":"https:\/\/api.w.org\/{rel}","templated":true}]}}