{"id":2367,"date":"2018-12-12T08:25:23","date_gmt":"2018-12-12T08:25:23","guid":{"rendered":"http:\/\/amscb.com\/?p=2367"},"modified":"2018-12-12T08:25:23","modified_gmt":"2018-12-12T08:25:23","slug":"recogida-de-alimentos-y-pasacalles-en-una-navidad-de-cuento","status":"publish","type":"post","link":"https:\/\/amscb.com\/?p=2367","title":{"rendered":"RECOGIDA DE ALIMENTOS Y PASACALLES EN \u00abUNA NAVIDAD DE CUENTO\u00bb"},"content":{"rendered":"<p><strong>El pr\u00f3ximo s\u00e1bado, 15 de diciembre, recorreremos las calles del barrio del San Claudio recogiendo alimentos no perecederos. Comenzaremos a las 19:00 horas desde la plaza de la P\u00edcara Justina<\/strong> finalizando en la parroquia, donde continuar\u00e1 la jornada con\u00a0la actuaci\u00f3n del Aula Coral del Colegio de San Claudio, y una representaci\u00f3n teatral titulada <em>Los \u00c1ngeles Traviesos<\/em>, que interpretar\u00e1n los m\u00e1s peque\u00f1os de nuestra penitencial. A continuaci\u00f3n, en el centro Ozanam, tradicional chocolatada.<\/p>\n<p>El pasacalles y el resto de actos forman parte del programa <strong><em>Una Navidad de cuento<\/em><\/strong>, en el que <strong>se recoger\u00e1n alimentos no perecederos los d\u00edas viernes 14 y s\u00e1bado 15 de diciembre<\/strong> <strong>en los supermercados Carrefour Express<\/strong> (av. Rep\u00fablica Argentina, 26), <strong>Mas y Mas<\/strong> (calle Covadonga, 5) y <strong>D\u00eda<\/strong> (calle P\u00e1rroco Carmelo Rodr\u00edguez, 8-10, solo s\u00e1bado por la ma\u00f1ana). Los alimentos recogidos ser\u00e1n entregados a las Conferencias de San Vicente de Pa\u00fal del barrio de San Claudio, quien los repartir\u00e1 entre las familias m\u00e1s necesitadas de nuestro barrio.<\/p>\n<p>\u00a1Os esperamos en esta jornada navide\u00f1a y solidaria!<\/p>\n<p>&nbsp;<\/p>\n<p><a href=\"http:\/\/amscb.com\/wp-content\/uploads\/2018\/12\/Una-Navidad-de-cuento-SCB.jpg\"><img decoding=\"async\" loading=\"lazy\" class=\"aligncenter wp-image-2368\" src=\"http:\/\/amscb.com\/wp-content\/uploads\/2018\/12\/Una-Navidad-de-cuento-SCB.jpg\" alt=\"\" width=\"850\" height=\"601\" srcset=\"https:\/\/amscb.com\/wp-content\/uploads\/2018\/12\/Una-Navidad-de-cuento-SCB.jpg 1600w, https:\/\/amscb.com\/wp-content\/uploads\/2018\/12\/Una-Navidad-de-cuento-SCB-300x212.jpg 300w, https:\/\/amscb.com\/wp-content\/uploads\/2018\/12\/Una-Navidad-de-cuento-SCB-768x543.jpg 768w, https:\/\/amscb.com\/wp-content\/uploads\/2018\/12\/Una-Navidad-de-cuento-SCB-1024x724.jpg 1024w\" sizes=\"(max-width: 850px) 100vw, 850px\" \/><\/a><\/p>\n","protected":false},"excerpt":{"rendered":"<p>El pr\u00f3ximo s\u00e1bado, 15 de diciembre, recorreremos las calles del barrio del San Claudio recogiendo alimentos no perecederos. Comenzaremos a las 19:00 horas desde la plaza de la P\u00edcara Justina finalizando en la parroquia, donde continuar\u00e1 la jornada con\u00a0la actuaci\u00f3n del Aula Coral del Colegio de San Claudio, y una representaci\u00f3n teatral titulada Los \u00c1ngeles [&hellip;]<\/p>\n","protected":false},"author":2,"featured_media":0,"comment_status":"open","ping_status":"open","sticky":false,"template":"","format":"standard","meta":[],"categories":[],"tags":[],"_links":{"self":[{"href":"https:\/\/amscb.com\/index.php?rest_route=\/wp\/v2\/posts\/2367"}],"collection":[{"href":"https:\/\/amscb.com\/index.php?rest_route=\/wp\/v2\/posts"}],"about":[{"href":"https:\/\/amscb.com\/index.php?rest_route=\/wp\/v2\/types\/post"}],"author":[{"embeddable":true,"href":"https:\/\/amscb.com\/index.php?rest_route=\/wp\/v2\/users\/2"}],"replies":[{"embeddable":true,"href":"https:\/\/amscb.com\/index.php?rest_route=%2Fwp%2Fv2%2Fcomments&post=2367"}],"version-history":[{"count":7,"href":"https:\/\/amscb.com\/index.php?rest_route=\/wp\/v2\/posts\/2367\/revisions"}],"predecessor-version":[{"id":2375,"href":"https:\/\/amscb.com\/index.php?rest_route=\/wp\/v2\/posts\/2367\/revisions\/2375"}],"wp:attachment":[{"href":"https:\/\/amscb.com\/index.php?rest_route=%2Fwp%2Fv2%2Fmedia&parent=2367"}],"wp:term":[{"taxonomy":"category","embeddable":true,"href":"https:\/\/amscb.com\/index.php?rest_route=%2Fwp%2Fv2%2Fcategories&post=2367"},{"taxonomy":"post_tag","embeddable":true,"href":"https:\/\/amscb.com\/index.php?rest_route=%2Fwp%2Fv2%2Ftags&post=2367"}],"curies":[{"name":"wp","href":"https:\/\/api.w.org\/{rel}","templated":true}]}}