{"id":2377,"date":"2018-12-21T17:59:03","date_gmt":"2018-12-21T17:59:03","guid":{"rendered":"http:\/\/amscb.com\/?p=2377"},"modified":"2018-12-21T17:59:03","modified_gmt":"2018-12-21T17:59:03","slug":"pasacalles-navideno-2018","status":"publish","type":"post","link":"https:\/\/amscb.com\/?p=2377","title":{"rendered":"PASACALLES NAVIDE\u00d1O 2018"},"content":{"rendered":"<p>El pr\u00f3ximo domingo, 23 de diciembre, realizaremos un pasacalles navide\u00f1o desde la plaza de San Isidoro\u00a0\u201319:00 horas\u2013\u00a0hacia calle el Cid, calle Ancha, plaza de San Marcelo, finalizando en la plaza de las Cortes Leonesas.<\/p>\n<p>Feliz Navidad y pr\u00f3spero A\u00f1o Nuevo.<\/p>\n<div id=\"attachment_2378\" style=\"width: 410px\" class=\"wp-caption aligncenter\"><a href=\"http:\/\/amscb.com\/wp-content\/uploads\/2018\/12\/48397589_1975614735866518_5127830801236361216_o.jpg\"><img aria-describedby=\"caption-attachment-2378\" decoding=\"async\" loading=\"lazy\" class=\"wp-image-2378\" src=\"http:\/\/amscb.com\/wp-content\/uploads\/2018\/12\/48397589_1975614735866518_5127830801236361216_o.jpg\" alt=\"\" width=\"400\" height=\"599\" srcset=\"https:\/\/amscb.com\/wp-content\/uploads\/2018\/12\/48397589_1975614735866518_5127830801236361216_o.jpg 1228w, https:\/\/amscb.com\/wp-content\/uploads\/2018\/12\/48397589_1975614735866518_5127830801236361216_o-200x300.jpg 200w, https:\/\/amscb.com\/wp-content\/uploads\/2018\/12\/48397589_1975614735866518_5127830801236361216_o-768x1151.jpg 768w, https:\/\/amscb.com\/wp-content\/uploads\/2018\/12\/48397589_1975614735866518_5127830801236361216_o-683x1024.jpg 683w\" sizes=\"(max-width: 400px) 100vw, 400px\" \/><\/a><p id=\"caption-attachment-2378\" class=\"wp-caption-text\">Fotograf\u00eda: Miguel Seijas.<\/p><\/div>\n","protected":false},"excerpt":{"rendered":"<p>El pr\u00f3ximo domingo, 23 de diciembre, realizaremos un pasacalles navide\u00f1o desde la plaza de San Isidoro\u00a0\u201319:00 horas\u2013\u00a0hacia calle el Cid, calle Ancha, plaza de San Marcelo, finalizando en la plaza de las Cortes Leonesas. Feliz Navidad y pr\u00f3spero A\u00f1o Nuevo.<\/p>\n","protected":false},"author":2,"featured_media":0,"comment_status":"open","ping_status":"open","sticky":false,"template":"","format":"standard","meta":[],"categories":[],"tags":[],"_links":{"self":[{"href":"https:\/\/amscb.com\/index.php?rest_route=\/wp\/v2\/posts\/2377"}],"collection":[{"href":"https:\/\/amscb.com\/index.php?rest_route=\/wp\/v2\/posts"}],"about":[{"href":"https:\/\/amscb.com\/index.php?rest_route=\/wp\/v2\/types\/post"}],"author":[{"embeddable":true,"href":"https:\/\/amscb.com\/index.php?rest_route=\/wp\/v2\/users\/2"}],"replies":[{"embeddable":true,"href":"https:\/\/amscb.com\/index.php?rest_route=%2Fwp%2Fv2%2Fcomments&post=2377"}],"version-history":[{"count":3,"href":"https:\/\/amscb.com\/index.php?rest_route=\/wp\/v2\/posts\/2377\/revisions"}],"predecessor-version":[{"id":2381,"href":"https:\/\/amscb.com\/index.php?rest_route=\/wp\/v2\/posts\/2377\/revisions\/2381"}],"wp:attachment":[{"href":"https:\/\/amscb.com\/index.php?rest_route=%2Fwp%2Fv2%2Fmedia&parent=2377"}],"wp:term":[{"taxonomy":"category","embeddable":true,"href":"https:\/\/amscb.com\/index.php?rest_route=%2Fwp%2Fv2%2Fcategories&post=2377"},{"taxonomy":"post_tag","embeddable":true,"href":"https:\/\/amscb.com\/index.php?rest_route=%2Fwp%2Fv2%2Ftags&post=2377"}],"curies":[{"name":"wp","href":"https:\/\/api.w.org\/{rel}","templated":true}]}}