{"id":2384,"date":"2019-01-25T22:03:23","date_gmt":"2019-01-25T22:03:23","guid":{"rendered":"http:\/\/amscb.com\/?p=2384"},"modified":"2019-01-25T22:03:23","modified_gmt":"2019-01-25T22:03:23","slug":"concierto-vii-aniversario","status":"publish","type":"post","link":"https:\/\/amscb.com\/?p=2384","title":{"rendered":"CONCIERTO VII ANIVERSARIO"},"content":{"rendered":"<p>El pr\u00f3ximo s\u00e1bado, 2 de febrero, tendr\u00e1 lugar el concierto que conmemora el s\u00e9ptimo aniversario de nuestra formaci\u00f3n. Ser\u00e1 en el interior de la parroquia de Nuestra Se\u00f1ora del Mercado, a las 20:45 horas. Una cita siempre especial para nosotros, m\u00e1s si cabe al hacerlo en este privilegiado espacio, junto a Nuestra Se\u00f1ora. Los asistentes podr\u00e1n colaborar en el concierto ben\u00e9fico entregando un donativo voluntario a favor de C\u00e1ritas Parroquial de la iglesia del Mercado.<\/p>\n<p>Se interpretar\u00e1 un repertorio donde destacar\u00e1n las nuevas composiciones que se estrenar\u00e1n esta Semana Santa: <em>Dolores y Misericordia, Nuestra Madre de la Piedad, Reina de Reyes <\/em>y<em> La Luz de la Esperanza.<\/em><\/p>\n<ul>\n<li><em>Dolores y Misericordia<\/em>: marcha de corte cl\u00e1sico, compuesta por Luis Joaqu\u00edn Lancharro Cordero, para la agrupaci\u00f3n Musical Virgen de los Reyes de Sevilla.<\/li>\n<li><em>Nuestra Madre de la Piedad<\/em>: dedicada a la Piedad de San Claudio que acompa\u00f1amos las ma\u00f1anas de Jueves Santo. Fue estrenada en la peregrinaci\u00f3n a la Virgen del Camino con motivo del vig\u00e9simo aniversario de la imagen. El autor, Mario Infante Jurado, ha compuesto tambi\u00e9n dos obras incluidas en nuestro trabajo discogr\u00e1fico <em>Sue\u00f1os de un ayer <\/em>\u2014<em>Se\u00f1or, danos tu bendici\u00f3n y Madre de la Misericordia<\/em>\u2014.<\/li>\n<li><em>Reina de Reyes<\/em>: obra de Alejandro Blanco Hern\u00e1ndez, en honor a la\u00a0Patrona de Sevilla y de la Archidi\u00f3cesis de la capital hispalense, la Virgen de los Reyes.<\/li>\n<li><em>La Luz de la Esperanza<\/em>: obra de Manuel Jes\u00fas Gonz\u00e1lez Hern\u00e1ndez \u2014autor tambi\u00e9n de <em>Al abad de San Claudio<\/em> y <em>La Pasi\u00f3n de una Madre<\/em> para nuestra agrupaci\u00f3n\u2014. Se trata de una marcha dedicada al proyecto\u00a0<em>Sevilla Regala Vida<\/em>, plataforma comprometida con la donaci\u00f3n de \u00f3rganos. Seremos la primera Cofrad\u00eda y agrupaci\u00f3n de fuera de Sevilla que colabora en esta iniciativa impulsada, entre otros, por el Doctor P\u00e9rez Bernal.<\/li>\n<\/ul>\n<p>Os esperamos.<\/p>\n<div id=\"attachment_2385\" style=\"width: 715px\" class=\"wp-caption aligncenter\"><a href=\"http:\/\/amscb.com\/wp-content\/uploads\/2019\/01\/cartel-VII-Aniversario.jpg\"><img aria-describedby=\"caption-attachment-2385\" decoding=\"async\" loading=\"lazy\" class=\"wp-image-2385\" src=\"http:\/\/amscb.com\/wp-content\/uploads\/2019\/01\/cartel-VII-Aniversario.jpg\" alt=\"\" width=\"705\" height=\"997\" srcset=\"https:\/\/amscb.com\/wp-content\/uploads\/2019\/01\/cartel-VII-Aniversario.jpg 2105w, https:\/\/amscb.com\/wp-content\/uploads\/2019\/01\/cartel-VII-Aniversario-212x300.jpg 212w, https:\/\/amscb.com\/wp-content\/uploads\/2019\/01\/cartel-VII-Aniversario-768x1086.jpg 768w, https:\/\/amscb.com\/wp-content\/uploads\/2019\/01\/cartel-VII-Aniversario-724x1024.jpg 724w\" sizes=\"(max-width: 705px) 100vw, 705px\" \/><\/a><p id=\"caption-attachment-2385\" class=\"wp-caption-text\">Fotograf\u00eda: Luis Reyero.<\/p><\/div>\n","protected":false},"excerpt":{"rendered":"<p>El pr\u00f3ximo s\u00e1bado, 2 de febrero, tendr\u00e1 lugar el concierto que conmemora el s\u00e9ptimo aniversario de nuestra formaci\u00f3n. Ser\u00e1 en el interior de la parroquia de Nuestra Se\u00f1ora del Mercado, a las 20:45 horas. Una cita siempre especial para nosotros, m\u00e1s si cabe al hacerlo en este privilegiado espacio, junto a Nuestra Se\u00f1ora. Los asistentes [&hellip;]<\/p>\n","protected":false},"author":2,"featured_media":0,"comment_status":"open","ping_status":"open","sticky":false,"template":"","format":"standard","meta":[],"categories":[],"tags":[],"_links":{"self":[{"href":"https:\/\/amscb.com\/index.php?rest_route=\/wp\/v2\/posts\/2384"}],"collection":[{"href":"https:\/\/amscb.com\/index.php?rest_route=\/wp\/v2\/posts"}],"about":[{"href":"https:\/\/amscb.com\/index.php?rest_route=\/wp\/v2\/types\/post"}],"author":[{"embeddable":true,"href":"https:\/\/amscb.com\/index.php?rest_route=\/wp\/v2\/users\/2"}],"replies":[{"embeddable":true,"href":"https:\/\/amscb.com\/index.php?rest_route=%2Fwp%2Fv2%2Fcomments&post=2384"}],"version-history":[{"count":3,"href":"https:\/\/amscb.com\/index.php?rest_route=\/wp\/v2\/posts\/2384\/revisions"}],"predecessor-version":[{"id":2388,"href":"https:\/\/amscb.com\/index.php?rest_route=\/wp\/v2\/posts\/2384\/revisions\/2388"}],"wp:attachment":[{"href":"https:\/\/amscb.com\/index.php?rest_route=%2Fwp%2Fv2%2Fmedia&parent=2384"}],"wp:term":[{"taxonomy":"category","embeddable":true,"href":"https:\/\/amscb.com\/index.php?rest_route=%2Fwp%2Fv2%2Fcategories&post=2384"},{"taxonomy":"post_tag","embeddable":true,"href":"https:\/\/amscb.com\/index.php?rest_route=%2Fwp%2Fv2%2Ftags&post=2384"}],"curies":[{"name":"wp","href":"https:\/\/api.w.org\/{rel}","templated":true}]}}