{"id":2402,"date":"2019-02-06T16:15:10","date_gmt":"2019-02-06T16:15:10","guid":{"rendered":"http:\/\/amscb.com\/?p=2402"},"modified":"2019-02-06T22:04:43","modified_gmt":"2019-02-06T22:04:43","slug":"la-luz-de-la-esperanza-para-donantes-de-organos-y-trasplantados","status":"publish","type":"post","link":"https:\/\/amscb.com\/?p=2402","title":{"rendered":"\u00abLA LUZ DE LA ESPERANZA\u00bb PARA DONANTES DE \u00d3RGANOS Y TRASPLANTADOS"},"content":{"rendered":"<p>El pasado s\u00e1bado present\u00e1bamos en Le\u00f3n, en el concierto conmemorativo del s\u00e9ptimo aniversario de la formaci\u00f3n, la marcha <em>La Luz de la Esperanza<\/em> compuesta por Manuel Jes\u00fas Gonz\u00e1lez Hern\u00e1ndez.<\/p>\n<p><iframe loading=\"lazy\" width=\"960\" height=\"540\" src=\"https:\/\/www.youtube.com\/embed\/mHMudQbs-Jc?feature=oembed\" frameborder=\"0\" allow=\"accelerometer; autoplay; encrypted-media; gyroscope; picture-in-picture\" allowfullscreen><\/iframe><\/p>\n<p><a href=\"http:\/\/amscb.com\/wp-content\/uploads\/2019\/02\/Divino-Perd\u00f3n.jpg\"><img decoding=\"async\" loading=\"lazy\" class=\"alignright size-full wp-image-2404\" src=\"http:\/\/amscb.com\/wp-content\/uploads\/2019\/02\/Divino-Perd\u00f3n.jpg\" alt=\"\" width=\"720\" height=\"960\" srcset=\"https:\/\/amscb.com\/wp-content\/uploads\/2019\/02\/Divino-Perd\u00f3n.jpg 720w, https:\/\/amscb.com\/wp-content\/uploads\/2019\/02\/Divino-Perd\u00f3n-225x300.jpg 225w\" sizes=\"(max-width: 720px) 100vw, 720px\" \/><\/a>Hace unos meses, el m\u00fasico, compositor sevillano y amigo \u2014autor de varias marchas propias para nuestra agrupaci\u00f3n, como <em>Bienaventurados<\/em>, <em>Al Abad de San Claudio<\/em> o <em>La Pasi\u00f3n de una Madr<\/em>e\u2014 se puso en contacto con nosotros y nos plante\u00f3 colaborar con el proyecto<em>\u00a0Sevilla Regala Vida.<\/em><\/p>\n<p><em>Sevilla Regala Vida<\/em> es una plataforma divulgativa para el fomento de la donaci\u00f3n de \u00f3rganos, tejidos y sangre en Sevilla. Desde ella se ofrece informaci\u00f3n sobre trasplantes, actos publicitarios y eventos de cualquier \u00edndole y naturaleza relacionado con la donaci\u00f3n de \u00f3rganos, tejidos o sangre. Uno de sus colaboradores principales y que ha dedicado toda su vida a la medicina y a potenciar y fomentar las donaciones es el reconocido y afamado Dr. P\u00e9rez Bernal, director general de trasplantes del colegio de m\u00e9dicos de Sevilla. De un tiempo a esta parte, el Dr. P\u00e9rez Bernal ha encontrado un gran aliado en la Semana Santa sevillana, en sus hermandades y con una fuerza especial en sus bandas y agrupaciones, convirti\u00e9ndose en una gigantesca v\u00eda de difusi\u00f3n de un gran mensaje de esperanza a los enfermos a trav\u00e9s de la m\u00fasica. Han sido varias las formaciones y hermandades sevillanas que se han sumado a esta colaboraci\u00f3n en forma de concierto solidario, dedicando alguna de sus marchas al proyecto o simplemente fundiendo un cirio en la candeler\u00eda de sus pasos de palio. Este cirio habitualmente lleva una frase relacionada con la donaci\u00f3n como \u201cdar para recibir\u201d, \u201cEsperanza de vida\u201d, \u201chazte donante, dona vida\u201d o \u201cVida y Consuelo\u201d. Un simple gesto lleno de simbolismo que no pretende m\u00e1s que concienciar a todo el mundo de los beneficios que supone el acto de la donaci\u00f3n.<\/p>\n<p>Como no pod\u00eda ser de otra manera, nos pareci\u00f3 una idea estupenda interpretar una marcha compuesta por Manuel Jes\u00fas y dedicada a esta causa, siendo\u00a0la primera cofrad\u00eda y agrupaci\u00f3n de fuera de Sevilla en hacerlo. Hoy, ya es una realidad, <em>La Luz de la Esperanza<\/em> ha sido presentada a los leoneses en el incomparable marco de la parroquia de Nuestra Se\u00f1ora del Mercado y, aprovechando nuestra peregrinaci\u00f3n a la Ermita del Roc\u00edo en Huelva, la presentaremos en Sevilla, el domingo 10 de febrero en un concierto en\u00a0en la iglesia de la Beata Madre Ana Mar\u00eda de Javouhey con la colaboraci\u00f3n de los hermanos del Divino Perd\u00f3n, a las 13:30 horas. All\u00ed, se prender\u00e1 en nuestro bander\u00edn un lazo que siempre nos acompa\u00f1ar\u00e1 con el lema <em>Hazte donante, dona vida.\u00a0<\/em>Contaremos con la presencia\u00a0del doctor P\u00e9rez Bernal, Manuel Jes\u00fas Gonz\u00e1lez y varios miembros de la plataforma\u00a0<em>Sevilla Regala Vida.<\/em><\/p>\n<p>El concierto ser\u00e1 presentado por Jos\u00e9 Antonio Fern\u00e1ndez Ramos y contar\u00e1 con el siguiente repertorio:<\/p>\n<ul>\n<li><em>Salve a Don Bosco Santo<\/em> (Belarmino S\u00e1nchez).<\/li>\n<li><em>Madre de la Misericordia<\/em> (Mario Infante Jurado).<\/li>\n<li><em>Alma de Dios<\/em> (J. C. Serrano y Manuel Rodr\u00edguez Ruiz).<\/li>\n<li><em>Shalom Aleijem<\/em> (\u00c1ngel Esquivel Alarma).<\/li>\n<li><em>Nuestra Madre de la Piedad<\/em> (Mario Infante Jurado).<\/li>\n<li><em>Al Dios de la Bienaventuranza<\/em> (Jos\u00e9 Manuel S\u00e1nchez Molero).<\/li>\n<li><em>Bienaventurado tu Reino<\/em> (Jos\u00e9 \u00c1ngel Santo Tom\u00e1s y Alberto Hern\u00e1ndez).<\/li>\n<li><em>Al Abad de San Claudio<\/em> (Manuel Jes\u00fas Gonz\u00e1lez Hern\u00e1ndez).<\/li>\n<li><em>Sevilla en primavera<\/em> (Miguel \u00c1ngel Font y Fran Ortiz).<\/li>\n<li><em>Si\u00f3n<\/em> (Daniel Yubero Recio).<\/li>\n<li><em>La Luz de la Esperanza <\/em>(Manuel Jes\u00fas Gonz\u00e1lez Hern\u00e1ndez).<\/li>\n<\/ul>\n<p>Desde la agrupaci\u00f3n de la Bienaventuranza de Le\u00f3n queremos transmitir nuestro m\u00e1s sentido agradecimiento a la Hermandad del Divino Perd\u00f3n de Sevilla por su hospitalidad y todas las facilidades ofrecidas.<\/p>\n","protected":false},"excerpt":{"rendered":"<p>El pasado s\u00e1bado present\u00e1bamos en Le\u00f3n, en el concierto conmemorativo del s\u00e9ptimo aniversario de la formaci\u00f3n, la marcha La Luz de la Esperanza compuesta por Manuel Jes\u00fas Gonz\u00e1lez Hern\u00e1ndez. Hace unos meses, el m\u00fasico, compositor sevillano y amigo \u2014autor de varias marchas propias para nuestra agrupaci\u00f3n, como Bienaventurados, Al Abad de San Claudio o La [&hellip;]<\/p>\n","protected":false},"author":2,"featured_media":0,"comment_status":"open","ping_status":"open","sticky":false,"template":"","format":"standard","meta":[],"categories":[],"tags":[],"_links":{"self":[{"href":"https:\/\/amscb.com\/index.php?rest_route=\/wp\/v2\/posts\/2402"}],"collection":[{"href":"https:\/\/amscb.com\/index.php?rest_route=\/wp\/v2\/posts"}],"about":[{"href":"https:\/\/amscb.com\/index.php?rest_route=\/wp\/v2\/types\/post"}],"author":[{"embeddable":true,"href":"https:\/\/amscb.com\/index.php?rest_route=\/wp\/v2\/users\/2"}],"replies":[{"embeddable":true,"href":"https:\/\/amscb.com\/index.php?rest_route=%2Fwp%2Fv2%2Fcomments&post=2402"}],"version-history":[{"count":5,"href":"https:\/\/amscb.com\/index.php?rest_route=\/wp\/v2\/posts\/2402\/revisions"}],"predecessor-version":[{"id":2409,"href":"https:\/\/amscb.com\/index.php?rest_route=\/wp\/v2\/posts\/2402\/revisions\/2409"}],"wp:attachment":[{"href":"https:\/\/amscb.com\/index.php?rest_route=%2Fwp%2Fv2%2Fmedia&parent=2402"}],"wp:term":[{"taxonomy":"category","embeddable":true,"href":"https:\/\/amscb.com\/index.php?rest_route=%2Fwp%2Fv2%2Fcategories&post=2402"},{"taxonomy":"post_tag","embeddable":true,"href":"https:\/\/amscb.com\/index.php?rest_route=%2Fwp%2Fv2%2Ftags&post=2402"}],"curies":[{"name":"wp","href":"https:\/\/api.w.org\/{rel}","templated":true}]}}