{"id":2410,"date":"2019-02-27T10:02:29","date_gmt":"2019-02-27T10:02:29","guid":{"rendered":"http:\/\/amscb.com\/?p=2410"},"modified":"2019-02-27T19:57:59","modified_gmt":"2019-02-27T19:57:59","slug":"comunicado-oficial","status":"publish","type":"post","link":"https:\/\/amscb.com\/?p=2410","title":{"rendered":"COMUNICADO OFICIAL"},"content":{"rendered":"<p>El pr\u00f3ximo Viernes Santo no acompa\u00f1aremos a la Cofrad\u00eda del Dulce Nombre de Jes\u00fas Nazareno de Le\u00f3n en la Procesi\u00f3n de los Pasos por motivos totalmente ajenos a nuestra formaci\u00f3n.<\/p>\n<p>Se pone fin, de esta forma, a una andadura conjunta desde la Semana Santa de 2013, en la que hemos tenido el honor de acompa\u00f1ar a los pasos de el Prendimiento, la Flagelaci\u00f3n, la Ver\u00f3nica, el Expolio, la Crucifixi\u00f3n, la Exaltaci\u00f3n y el Cristo de la Agon\u00eda.<\/p>\n<p>Han sido muchos a\u00f1os de marchas, de largas horas en la calle mezclando el fr\u00edo intenso del inicio de la jornada con un calor agotador pero, sobre todo, a\u00f1os de grandes recuerdos y vivencias que nos acompa\u00f1ar\u00e1n siempre.<\/p>\n<p>Desde estas l\u00edneas queremos mostrar todo nuestro cari\u00f1o y agradecimiento a todos los braceros a los que hemos tenido el honor de acompa\u00f1ar, marcando el comp\u00e1s de su caminar y aliviando, en la medida de lo posible, la pesada carga sobre sus hombros.<\/p>\n<p>&nbsp;<\/p>\n<p><iframe loading=\"lazy\" width=\"960\" height=\"540\" src=\"https:\/\/www.youtube.com\/embed\/zxvVTtfoxd8?feature=oembed\" frameborder=\"0\" allow=\"accelerometer; autoplay; encrypted-media; gyroscope; picture-in-picture\" allowfullscreen><\/iframe><\/p>\n","protected":false},"excerpt":{"rendered":"<p>El pr\u00f3ximo Viernes Santo no acompa\u00f1aremos a la Cofrad\u00eda del Dulce Nombre de Jes\u00fas Nazareno de Le\u00f3n en la Procesi\u00f3n de los Pasos por motivos totalmente ajenos a nuestra formaci\u00f3n. Se pone fin, de esta forma, a una andadura conjunta desde la Semana Santa de 2013, en la que hemos tenido el honor de acompa\u00f1ar [&hellip;]<\/p>\n","protected":false},"author":2,"featured_media":0,"comment_status":"open","ping_status":"open","sticky":false,"template":"","format":"standard","meta":[],"categories":[],"tags":[],"_links":{"self":[{"href":"https:\/\/amscb.com\/index.php?rest_route=\/wp\/v2\/posts\/2410"}],"collection":[{"href":"https:\/\/amscb.com\/index.php?rest_route=\/wp\/v2\/posts"}],"about":[{"href":"https:\/\/amscb.com\/index.php?rest_route=\/wp\/v2\/types\/post"}],"author":[{"embeddable":true,"href":"https:\/\/amscb.com\/index.php?rest_route=\/wp\/v2\/users\/2"}],"replies":[{"embeddable":true,"href":"https:\/\/amscb.com\/index.php?rest_route=%2Fwp%2Fv2%2Fcomments&post=2410"}],"version-history":[{"count":10,"href":"https:\/\/amscb.com\/index.php?rest_route=\/wp\/v2\/posts\/2410\/revisions"}],"predecessor-version":[{"id":2422,"href":"https:\/\/amscb.com\/index.php?rest_route=\/wp\/v2\/posts\/2410\/revisions\/2422"}],"wp:attachment":[{"href":"https:\/\/amscb.com\/index.php?rest_route=%2Fwp%2Fv2%2Fmedia&parent=2410"}],"wp:term":[{"taxonomy":"category","embeddable":true,"href":"https:\/\/amscb.com\/index.php?rest_route=%2Fwp%2Fv2%2Fcategories&post=2410"},{"taxonomy":"post_tag","embeddable":true,"href":"https:\/\/amscb.com\/index.php?rest_route=%2Fwp%2Fv2%2Ftags&post=2410"}],"curies":[{"name":"wp","href":"https:\/\/api.w.org\/{rel}","templated":true}]}}