{"id":2424,"date":"2019-03-06T12:57:32","date_gmt":"2019-03-06T12:57:32","guid":{"rendered":"http:\/\/amscb.com\/?p=2424"},"modified":"2019-03-06T13:41:58","modified_gmt":"2019-03-06T13:41:58","slug":"concierto-entreculturas-por-la-luz-de-las-ninas","status":"publish","type":"post","link":"https:\/\/amscb.com\/?p=2424","title":{"rendered":"CONCIERTO ENTRECULTURAS POR \u00abLA LUZ DE LAS NI\u00d1AS\u00bb"},"content":{"rendered":"<p><a href=\"http:\/\/amscb.com\/wp-content\/uploads\/2019\/03\/2019-03-06-13.53.48.png\"><img decoding=\"async\" loading=\"lazy\" class=\"alignright wp-image-2425\" src=\"http:\/\/amscb.com\/wp-content\/uploads\/2019\/03\/2019-03-06-13.53.48.png\" alt=\"\" width=\"500\" height=\"720\" srcset=\"https:\/\/amscb.com\/wp-content\/uploads\/2019\/03\/2019-03-06-13.53.48.png 1074w, https:\/\/amscb.com\/wp-content\/uploads\/2019\/03\/2019-03-06-13.53.48-208x300.png 208w, https:\/\/amscb.com\/wp-content\/uploads\/2019\/03\/2019-03-06-13.53.48-768x1106.png 768w, https:\/\/amscb.com\/wp-content\/uploads\/2019\/03\/2019-03-06-13.53.48-711x1024.png 711w\" sizes=\"(max-width: 500px) 100vw, 500px\" \/><\/a>El pr\u00f3ximo <strong>viernes, 8 de marzo<\/strong>, participaremos en el primer concierto Entreculturas por <em>La luz de las ni\u00f1as<\/em> que tendr\u00e1 lugar en la <strong>parroquia de El Salvador<\/strong> (paseo Quintanilla, 31), a las <strong>21:00 horas<\/strong>. La entrada es gratuita y libre hasta completar aforo. Participa tambi\u00e9n la Agrupaci\u00f3n Musical de la Cofrad\u00eda de Nuestra Se\u00f1ora de las Angustias y Soledad.<\/p>\n<p>Nuestro repertorio estar\u00e1 formado por las marchas <em>Dolores y Misericordia, Resucit\u00f3, Nazarenos de Pasi\u00f3n, Jes\u00fas de la Caridad y Reina de Reyes.<\/em><\/p>\n<blockquote><p>Todos los fondos recaudados ir\u00e1n destinados a la campa\u00f1a <em>La luz de las ni\u00f1as<\/em>, una iniciativa de la ONG Entreculturas que trabaja para radicar la violencia y la desigualdad que viven las ni\u00f1as en todo el mundo. Este programa pretende tambi\u00e9n disminuir la situaci\u00f3n de violencia f\u00edsica, psicol\u00f3gica y sexual que sufren las ni\u00f1as a trav\u00e9s de tres l\u00edneas fundamentales: atenci\u00f3n a ni\u00f1as y adolescentes v\u00edctimas de violencia, prevenci\u00f3n de violencia contra las ni\u00f1as y acceso educativo para ni\u00f1as.<\/p><\/blockquote>\n","protected":false},"excerpt":{"rendered":"<p>El pr\u00f3ximo viernes, 8 de marzo, participaremos en el primer concierto Entreculturas por La luz de las ni\u00f1as que tendr\u00e1 lugar en la parroquia de El Salvador (paseo Quintanilla, 31), a las 21:00 horas. La entrada es gratuita y libre hasta completar aforo. Participa tambi\u00e9n la Agrupaci\u00f3n Musical de la Cofrad\u00eda de Nuestra Se\u00f1ora de [&hellip;]<\/p>\n","protected":false},"author":2,"featured_media":0,"comment_status":"open","ping_status":"open","sticky":false,"template":"","format":"standard","meta":[],"categories":[],"tags":[],"_links":{"self":[{"href":"https:\/\/amscb.com\/index.php?rest_route=\/wp\/v2\/posts\/2424"}],"collection":[{"href":"https:\/\/amscb.com\/index.php?rest_route=\/wp\/v2\/posts"}],"about":[{"href":"https:\/\/amscb.com\/index.php?rest_route=\/wp\/v2\/types\/post"}],"author":[{"embeddable":true,"href":"https:\/\/amscb.com\/index.php?rest_route=\/wp\/v2\/users\/2"}],"replies":[{"embeddable":true,"href":"https:\/\/amscb.com\/index.php?rest_route=%2Fwp%2Fv2%2Fcomments&post=2424"}],"version-history":[{"count":6,"href":"https:\/\/amscb.com\/index.php?rest_route=\/wp\/v2\/posts\/2424\/revisions"}],"predecessor-version":[{"id":2431,"href":"https:\/\/amscb.com\/index.php?rest_route=\/wp\/v2\/posts\/2424\/revisions\/2431"}],"wp:attachment":[{"href":"https:\/\/amscb.com\/index.php?rest_route=%2Fwp%2Fv2%2Fmedia&parent=2424"}],"wp:term":[{"taxonomy":"category","embeddable":true,"href":"https:\/\/amscb.com\/index.php?rest_route=%2Fwp%2Fv2%2Fcategories&post=2424"},{"taxonomy":"post_tag","embeddable":true,"href":"https:\/\/amscb.com\/index.php?rest_route=%2Fwp%2Fv2%2Ftags&post=2424"}],"curies":[{"name":"wp","href":"https:\/\/api.w.org\/{rel}","templated":true}]}}