{"id":2432,"date":"2019-03-13T11:37:42","date_gmt":"2019-03-13T11:37:42","guid":{"rendered":"http:\/\/amscb.com\/?p=2432"},"modified":"2019-03-13T11:37:42","modified_gmt":"2019-03-13T11:37:42","slug":"certamen-en-alcala-de-henares","status":"publish","type":"post","link":"https:\/\/amscb.com\/?p=2432","title":{"rendered":"CERTAMEN EN ALCAL\u00c1 DE HENARES"},"content":{"rendered":"<p><a href=\"http:\/\/amscb.com\/wp-content\/uploads\/2019\/03\/Cartel-Despojado.jpg\"><img decoding=\"async\" loading=\"lazy\" class=\"alignright wp-image-2433\" src=\"http:\/\/amscb.com\/wp-content\/uploads\/2019\/03\/Cartel-Despojado.jpg\" alt=\"\" width=\"550\" height=\"778\" srcset=\"https:\/\/amscb.com\/wp-content\/uploads\/2019\/03\/Cartel-Despojado.jpg 848w, https:\/\/amscb.com\/wp-content\/uploads\/2019\/03\/Cartel-Despojado-212x300.jpg 212w, https:\/\/amscb.com\/wp-content\/uploads\/2019\/03\/Cartel-Despojado-768x1087.jpg 768w, https:\/\/amscb.com\/wp-content\/uploads\/2019\/03\/Cartel-Despojado-724x1024.jpg 724w\" sizes=\"(max-width: 550px) 100vw, 550px\" \/><\/a><\/p>\n<p>El pr\u00f3ximo s\u00e1bado, 16 de marzo, participaremos en el certamen de bandas<em> M\u00fasica de Pasi\u00f3n<\/em> que organiza la <em>Hermandad\u00a0de Jes\u00fas Despojado de sus Vestiduras, Mar\u00eda Sant\u00edsima de la Paz y Esperanza y San Juan Evangelista<\/em> de Alcal\u00e1 de Henares. Participan tambi\u00e9n la Banda de cornetas y tambores El Prado-La Pasi\u00f3n (Ciudad Real), la Banda de cornetas y tambores del Nazareno (Guadalajara) y las agrupaciones musicales complutenses de Jes\u00fas de Medinaceli y La Columna.<\/p>\n<p>El certamen tendr\u00e1 lugar en el colegio p\u00fablico Mozart desde las 12:30 horas. El precio de la entrada es de 5 \u20ac por persona, siendo la entrada gratuita para ni\u00f1os menores de 8 a\u00f1os. Se pueden adquirir en taquilla el d\u00eda del certamen desde las 12:00 horas y reservando en despojadoypaz@gmail.com o el tel\u00e9fono 694407675.<\/p>\n<p>En nuestra primera visita a la ciudad de Alcal\u00e1, como formaci\u00f3n, interpretaremos las siguientes marchas:<\/p>\n<ul>\n<li><em>Entre rosas y espinas.<\/em><\/li>\n<li><em>Eres de todos.<\/em><\/li>\n<li><em>Caridad del Guadalquivir.<\/em><\/li>\n<li><em>Alma de Dios.<\/em><\/li>\n<li><em>Al Dios de la Bienaventuranza.<\/em><\/li>\n<li><em>La Tierra Prometida.<\/em><\/li>\n<li><em>Caminando va, por tientos en la madrug\u00e1.<\/em><\/li>\n<li><em>Iesum Nazarenum.<\/em><\/li>\n<li><em>Y al terder d\u00eda&#8230;<\/em><\/li>\n<\/ul>\n<p>La segunda cita con la <em>Hermandad de Jes\u00fas Despojado de sus Vestiduras<\/em> de la ciudad complutense queda emplazada para la estaci\u00f3n de penitencia del Domingo de Ramos, acompa\u00f1ando al sagrado titular Jes\u00fas Despojado de sus Vestiduras.<\/p>\n<p>&nbsp;<\/p>\n","protected":false},"excerpt":{"rendered":"<p>El pr\u00f3ximo s\u00e1bado, 16 de marzo, participaremos en el certamen de bandas M\u00fasica de Pasi\u00f3n que organiza la Hermandad\u00a0de Jes\u00fas Despojado de sus Vestiduras, Mar\u00eda Sant\u00edsima de la Paz y Esperanza y San Juan Evangelista de Alcal\u00e1 de Henares. Participan tambi\u00e9n la Banda de cornetas y tambores El Prado-La Pasi\u00f3n (Ciudad Real), la Banda de [&hellip;]<\/p>\n","protected":false},"author":2,"featured_media":0,"comment_status":"open","ping_status":"open","sticky":false,"template":"","format":"standard","meta":[],"categories":[],"tags":[],"_links":{"self":[{"href":"https:\/\/amscb.com\/index.php?rest_route=\/wp\/v2\/posts\/2432"}],"collection":[{"href":"https:\/\/amscb.com\/index.php?rest_route=\/wp\/v2\/posts"}],"about":[{"href":"https:\/\/amscb.com\/index.php?rest_route=\/wp\/v2\/types\/post"}],"author":[{"embeddable":true,"href":"https:\/\/amscb.com\/index.php?rest_route=\/wp\/v2\/users\/2"}],"replies":[{"embeddable":true,"href":"https:\/\/amscb.com\/index.php?rest_route=%2Fwp%2Fv2%2Fcomments&post=2432"}],"version-history":[{"count":4,"href":"https:\/\/amscb.com\/index.php?rest_route=\/wp\/v2\/posts\/2432\/revisions"}],"predecessor-version":[{"id":2437,"href":"https:\/\/amscb.com\/index.php?rest_route=\/wp\/v2\/posts\/2432\/revisions\/2437"}],"wp:attachment":[{"href":"https:\/\/amscb.com\/index.php?rest_route=%2Fwp%2Fv2%2Fmedia&parent=2432"}],"wp:term":[{"taxonomy":"category","embeddable":true,"href":"https:\/\/amscb.com\/index.php?rest_route=%2Fwp%2Fv2%2Fcategories&post=2432"},{"taxonomy":"post_tag","embeddable":true,"href":"https:\/\/amscb.com\/index.php?rest_route=%2Fwp%2Fv2%2Ftags&post=2432"}],"curies":[{"name":"wp","href":"https:\/\/api.w.org\/{rel}","templated":true}]}}