{"id":2481,"date":"2019-09-13T15:45:45","date_gmt":"2019-09-13T15:45:45","guid":{"rendered":"http:\/\/amscb.com\/?p=2481"},"modified":"2019-09-13T16:42:10","modified_gmt":"2019-09-13T16:42:10","slug":"inicio-curso-2019-2020","status":"publish","type":"post","link":"https:\/\/amscb.com\/?p=2481","title":{"rendered":"INICIO CURSO 2019\/2020"},"content":{"rendered":"<p>&nbsp;<\/p>\n<p>&nbsp;<\/p>\n<p><a href=\"http:\/\/amscb.com\/wp-content\/uploads\/2019\/09\/FlyerMaker_07092019_155004.png\"><img decoding=\"async\" loading=\"lazy\" class=\"alignright wp-image-2482\" src=\"http:\/\/amscb.com\/wp-content\/uploads\/2019\/09\/FlyerMaker_07092019_155004-1024x576.png\" alt=\"\" width=\"660\" height=\"371\" srcset=\"https:\/\/amscb.com\/wp-content\/uploads\/2019\/09\/FlyerMaker_07092019_155004-1024x576.png 1024w, https:\/\/amscb.com\/wp-content\/uploads\/2019\/09\/FlyerMaker_07092019_155004-300x169.png 300w, https:\/\/amscb.com\/wp-content\/uploads\/2019\/09\/FlyerMaker_07092019_155004-768x432.png 768w\" sizes=\"(max-width: 660px) 100vw, 660px\" \/><\/a><\/p>\n<p>El pr\u00f3ximo martes, 17 de septiembre, la Agrupaci\u00f3n Musical Santo Cristo de la Bienaventuranza da inicio al curso 2019\/2020 reanudando los ensayos.<\/p>\n<p>En la nave habitual \u2013situada en Le\u00f3n, al final de la calle Diego Yuste\u2013 a las 21:00 horas, se convoca a todos los componentes de la formaci\u00f3n y a personas interesadas en recibir informaci\u00f3n. Desde la direcci\u00f3n se ofrecen todav\u00eda plazas de inscripci\u00f3n recordando, una vez m\u00e1s, que el instrumento y la ense\u00f1anza es facilitada por la propia Agrupaci\u00f3n.<\/p>\n<p>&nbsp;<\/p>\n","protected":false},"excerpt":{"rendered":"<p>&nbsp; &nbsp; El pr\u00f3ximo martes, 17 de septiembre, la Agrupaci\u00f3n Musical Santo Cristo de la Bienaventuranza da inicio al curso 2019\/2020 reanudando los ensayos. En la nave habitual \u2013situada en Le\u00f3n, al final de la calle Diego Yuste\u2013 a las 21:00 horas, se convoca a todos los componentes de la formaci\u00f3n y a personas interesadas [&hellip;]<\/p>\n","protected":false},"author":2,"featured_media":0,"comment_status":"open","ping_status":"open","sticky":false,"template":"","format":"standard","meta":[],"categories":[],"tags":[],"_links":{"self":[{"href":"https:\/\/amscb.com\/index.php?rest_route=\/wp\/v2\/posts\/2481"}],"collection":[{"href":"https:\/\/amscb.com\/index.php?rest_route=\/wp\/v2\/posts"}],"about":[{"href":"https:\/\/amscb.com\/index.php?rest_route=\/wp\/v2\/types\/post"}],"author":[{"embeddable":true,"href":"https:\/\/amscb.com\/index.php?rest_route=\/wp\/v2\/users\/2"}],"replies":[{"embeddable":true,"href":"https:\/\/amscb.com\/index.php?rest_route=%2Fwp%2Fv2%2Fcomments&post=2481"}],"version-history":[{"count":10,"href":"https:\/\/amscb.com\/index.php?rest_route=\/wp\/v2\/posts\/2481\/revisions"}],"predecessor-version":[{"id":2492,"href":"https:\/\/amscb.com\/index.php?rest_route=\/wp\/v2\/posts\/2481\/revisions\/2492"}],"wp:attachment":[{"href":"https:\/\/amscb.com\/index.php?rest_route=%2Fwp%2Fv2%2Fmedia&parent=2481"}],"wp:term":[{"taxonomy":"category","embeddable":true,"href":"https:\/\/amscb.com\/index.php?rest_route=%2Fwp%2Fv2%2Fcategories&post=2481"},{"taxonomy":"post_tag","embeddable":true,"href":"https:\/\/amscb.com\/index.php?rest_route=%2Fwp%2Fv2%2Ftags&post=2481"}],"curies":[{"name":"wp","href":"https:\/\/api.w.org\/{rel}","templated":true}]}}