{"id":2493,"date":"2019-10-16T07:17:15","date_gmt":"2019-10-16T07:17:15","guid":{"rendered":"http:\/\/amscb.com\/?p=2493"},"modified":"2019-10-16T07:17:15","modified_gmt":"2019-10-16T07:17:15","slug":"acuerdo-con-la-hdad-de-jesus-despojado-para-el-domingo-de-ramos-2020","status":"publish","type":"post","link":"https:\/\/amscb.com\/?p=2493","title":{"rendered":"ACUERDO CON LA HDAD. DE JES\u00daS DESPOJADO PARA EL DOMINGO DE RAMOS 2020"},"content":{"rendered":"<div class=\"cloudfw-fatal-error\"><strong>Error<\/strong>: Please insert a video url.<\/div>\n<p>El pr\u00f3ximo Domingo de Ramos se har\u00e1 efectiva la uni\u00f3n, por segundo a\u00f1o consecutivo, de la\u00a0<em>Hermandad de Jes\u00fas Despojado de sus Vestiduras, Mar\u00eda Sant\u00edsima de la Paz y Esperanza y San Juan Evangelista<\/em> con la <em>Agrupaci\u00f3n Musical Santo Cristo de la Bienaventuranza.\u00a0<\/em>Participaremos, as\u00ed, en la estaci\u00f3n de penitencia de la Hermandad de 2020, acompa\u00f1ando a Jes\u00fas Despojado de sus Vestiduras. Antes, formaremos parte del\u00a0certamen de bandas cerca de las fechas de Cuaresma.<\/p>\n<p>Durante este curso, nuestra formaci\u00f3n estrenar\u00e1 una marcha exclusiva dedicada a Jes\u00fas Despojado. Con ella, queremos poner en valor la estima hacia toda la Hermandad de Alcal\u00e1 de Henares. Compuesta por David de la Cruz S\u00e1nchez y Alfonso Garc\u00eda Millet, <strong><em>Eterno Despojado<\/em><\/strong> es una composici\u00f3n contempor\u00e1nea en estructura, guardando una serie de compases armoniosos y acordes sobre los que se apoyan melod\u00edas que se intercalan y son interpretadas por distintas cuerdas adem\u00e1s de solistas.<\/p>\n<p>David de la Cruz S\u00e1nchez, director musical y compositor, se form\u00f3 en bandas como la <em>Sagrada Lanzada<\/em> de Valladolid, la <em>Buena Muerte<\/em> de Palencia o <em>El Amarrado<\/em> de \u00c1vila \u2014en la que tambi\u00e9n participa como compositor, adem\u00e1s de en el <em>Gran Poder<\/em> de Coria del R\u00edo, <em>Santa Cruz<\/em> de Almer\u00eda o <em>Nazareno y Soledad<\/em> de Astorga\u2014.<\/p>\n<p>Alfonso Garc\u00eda Millet ha desarrollado su trayectoria como m\u00fasico en formaciones de su ciudad, V\u00e9lez M\u00e1laga; como compositor ha realizado ya m\u00e1s de una treintena de obras para agrupaci\u00f3n musical y banda de cornetas y tambores, adem\u00e1s de obras orquestadas, sinton\u00edas, m\u00fasica de capilla y obras para piano.<\/p>\n<p><a href=\"http:\/\/amscb.com\/wp-content\/uploads\/2019\/10\/FlyerMaker_04102019_225721.png\"><img decoding=\"async\" loading=\"lazy\" class=\"aligncenter wp-image-2497\" src=\"http:\/\/amscb.com\/wp-content\/uploads\/2019\/10\/FlyerMaker_04102019_225721-1024x819.png\" alt=\"\" width=\"700\" height=\"560\" srcset=\"https:\/\/amscb.com\/wp-content\/uploads\/2019\/10\/FlyerMaker_04102019_225721-1024x819.png 1024w, https:\/\/amscb.com\/wp-content\/uploads\/2019\/10\/FlyerMaker_04102019_225721-300x240.png 300w, https:\/\/amscb.com\/wp-content\/uploads\/2019\/10\/FlyerMaker_04102019_225721-768x614.png 768w\" sizes=\"(max-width: 700px) 100vw, 700px\" \/><\/a><\/p>\n","protected":false},"excerpt":{"rendered":"<p>El pr\u00f3ximo Domingo de Ramos se har\u00e1 efectiva la uni\u00f3n, por segundo a\u00f1o consecutivo, de la\u00a0Hermandad de Jes\u00fas Despojado de sus Vestiduras, Mar\u00eda Sant\u00edsima de la Paz y Esperanza y San Juan Evangelista con la Agrupaci\u00f3n Musical Santo Cristo de la Bienaventuranza.\u00a0Participaremos, as\u00ed, en la estaci\u00f3n de penitencia de la Hermandad de 2020, acompa\u00f1ando a [&hellip;]<\/p>\n","protected":false},"author":2,"featured_media":0,"comment_status":"open","ping_status":"open","sticky":false,"template":"","format":"standard","meta":[],"categories":[],"tags":[],"_links":{"self":[{"href":"https:\/\/amscb.com\/index.php?rest_route=\/wp\/v2\/posts\/2493"}],"collection":[{"href":"https:\/\/amscb.com\/index.php?rest_route=\/wp\/v2\/posts"}],"about":[{"href":"https:\/\/amscb.com\/index.php?rest_route=\/wp\/v2\/types\/post"}],"author":[{"embeddable":true,"href":"https:\/\/amscb.com\/index.php?rest_route=\/wp\/v2\/users\/2"}],"replies":[{"embeddable":true,"href":"https:\/\/amscb.com\/index.php?rest_route=%2Fwp%2Fv2%2Fcomments&post=2493"}],"version-history":[{"count":9,"href":"https:\/\/amscb.com\/index.php?rest_route=\/wp\/v2\/posts\/2493\/revisions"}],"predecessor-version":[{"id":2504,"href":"https:\/\/amscb.com\/index.php?rest_route=\/wp\/v2\/posts\/2493\/revisions\/2504"}],"wp:attachment":[{"href":"https:\/\/amscb.com\/index.php?rest_route=%2Fwp%2Fv2%2Fmedia&parent=2493"}],"wp:term":[{"taxonomy":"category","embeddable":true,"href":"https:\/\/amscb.com\/index.php?rest_route=%2Fwp%2Fv2%2Fcategories&post=2493"},{"taxonomy":"post_tag","embeddable":true,"href":"https:\/\/amscb.com\/index.php?rest_route=%2Fwp%2Fv2%2Ftags&post=2493"}],"curies":[{"name":"wp","href":"https:\/\/api.w.org\/{rel}","templated":true}]}}