{"id":2506,"date":"2019-10-18T09:52:42","date_gmt":"2019-10-18T09:52:42","guid":{"rendered":"http:\/\/amscb.com\/?p=2506"},"modified":"2019-11-07T22:19:09","modified_gmt":"2019-11-07T22:19:09","slug":"concurso-de-fotografia-2","status":"publish","type":"post","link":"https:\/\/amscb.com\/?p=2506","title":{"rendered":"CONCURSO DE FOTOGRAF\u00cdA"},"content":{"rendered":"<div id=\"attachment_2348\" style=\"width: 470px\" class=\"wp-caption alignright\"><a href=\"http:\/\/amscb.com\/wp-content\/uploads\/2018\/11\/IMG-20181119-WA0011.jpg\"><img aria-describedby=\"caption-attachment-2348\" decoding=\"async\" loading=\"lazy\" class=\"wp-image-2348\" src=\"http:\/\/amscb.com\/wp-content\/uploads\/2018\/11\/IMG-20181119-WA0011-1024x682.jpg\" alt=\"\" width=\"460\" height=\"306\" srcset=\"https:\/\/amscb.com\/wp-content\/uploads\/2018\/11\/IMG-20181119-WA0011-1024x682.jpg 1024w, https:\/\/amscb.com\/wp-content\/uploads\/2018\/11\/IMG-20181119-WA0011-300x200.jpg 300w, https:\/\/amscb.com\/wp-content\/uploads\/2018\/11\/IMG-20181119-WA0011-768x512.jpg 768w, https:\/\/amscb.com\/wp-content\/uploads\/2018\/11\/IMG-20181119-WA0011.jpg 1600w\" sizes=\"(max-width: 460px) 100vw, 460px\" \/><\/a><p id=\"caption-attachment-2348\" class=\"wp-caption-text\">Fotograf\u00eda ganadora en la pasada edici\u00f3n del concurso. Autor: Mois\u00e9s Garc\u00eda.<\/p><\/div>\n<p>La Agrupaci\u00f3n Musical Santo Cristo de la Bienaventuranza convoca, por segundo a\u00f1o consecutivo, el concurso fotogr\u00e1fico para seleccionar las 12 fotos que formar\u00e1n parte del calendario del a\u00f1o 2020.<\/p>\n<p>Presentamos las bases del concurso en el que, desde hoy, se puede participar.<\/p>\n<p><strong>BASES CONCURSO FOTOGRAF\u00cdA<\/strong><\/p>\n<p><strong>Calendario AM SCB<\/strong><\/p>\n<p><strong>1. Participantes.-<\/strong><\/p>\n<p>Podr\u00e1n concurrir a este certamen fotogr\u00e1fico todas las personas que lo deseen, sean profesionales o aficionados, siempre que sus trabajos se ajusten a las bases del mismo.<\/p>\n<p><strong>2. Tem\u00e1tica.-<\/strong><\/p>\n<p>Tem\u00e1tica libre sobre la Cofrad\u00eda Santo Cristo de la Bienaventuranza y sobre la Agrupaci\u00f3n Musical.<\/p>\n<p><strong>3. Caracter\u00edsticas de las fotograf\u00edas.-<\/strong><\/p>\n<ul>\n<li>Las fotograf\u00edas deber\u00e1n ser propiedad del autor que las presente al certamen, siendo las mismas in\u00e9ditas.<\/li>\n<li><span style=\"line-height: 1.5;\">Las im\u00e1genes podr\u00e1n ser en color o blanco y negro, admiti\u00e9ndose los ajustes propios del revelado digital (balance de blancos, exposici\u00f3n, niveles, contraste, saturaci\u00f3n, enfoque, eliminaci\u00f3n del vi\u00f1etado\u2026), as\u00ed como la limpieza de part\u00edculas, y recortes moderados. No se admitir\u00e1n alteraciones de la imagen, o de parte\/s de ella, que impliquen que la fotograf\u00eda pase a reflejar una realidad distinta a la fotografiada. A los autores de las fotograf\u00edas se los podr\u00e1n solicitar si fuese necesario las aclaraciones sobre la imagen que el jurado considere pertinentes, incluidos los archivos RAW.<\/span><\/li>\n<li><span style=\"line-height: 1.5;\">Cada participante podr\u00e1 presentar hasta un m\u00e1ximo de cinco fotograf\u00edas.<\/span><\/li>\n<li><span style=\"line-height: 1.5;\">El contenido de las mismas necesariamente estar\u00e1 relacionado con el tema del concurso.<\/span><\/li>\n<li><span style=\"line-height: 1.5;\">En el caso de fotograf\u00edas premiadas, la organizaci\u00f3n podr\u00e1 pedir el archivo RAW.<\/span><\/li>\n<\/ul>\n<p><strong>4.- Forma de presentaci\u00f3n y env\u00edo.-<\/strong><\/p>\n<ul>\n<li>Las fotograf\u00edas deber\u00e1n ser enviadas al correo electr\u00f3nico: amscb@amscb.com.<\/li>\n<li><span style=\"line-height: 1.5;\">El formato de las fotograf\u00edas deber\u00e1n de ser apaisadas \/ horizontales, con un tama\u00f1o m\u00ednimo de 2,590 x 1,920 p\u00edxeles y una resoluci\u00f3n de 300 ppp, en formato JPG o TIFF y sin llevar ninguna marca identificativa de su autor\u00eda (la firma de cada autor ser\u00e1 incluida en la maquetaci\u00f3n del calendario)<\/span><\/li>\n<li><span style=\"line-height: 1.5;\"><span style=\"line-height: 1.5;\"><span style=\"line-height: 1.5;\"><span style=\"line-height: 1.5;\">En el cuerpo del correo deber\u00e1n detallarse los siguientes datos,\u00a0<\/span><\/span><\/span><\/span><span style=\"line-height: 1.5;\"><span style=\"line-height: 1.5;\"><span style=\"line-height: 1.5;\">y adjuntarse en el mismo el documento de consentimiento\u00a0<span style=\"line-height: 1.5;\">\u2014<\/span><span style=\"line-height: 1.5;\">que se descarga a trav\u00e9s de este enlace\u00a0<\/span><\/span><\/span><\/span><span style=\"line-height: 1.5;\"><span style=\"line-height: 1.5;\"><span style=\"line-height: 1.5;\"><span style=\"line-height: 1.5;\"><a href=\"https:\/\/we.tl\/t-Js5BrkszY6\" target=\"_blank\">Clic aqu\u00ed<\/a>\u00a0<\/span><\/span><\/span><\/span>\n<ul>\n<li><span style=\"line-height: 1.5;\">Nombre y apellidos del autor<\/span><\/li>\n<li><span style=\"line-height: 1.5;\">D.N.I. del participante<\/span><\/li>\n<li><span style=\"line-height: 1.5;\">Domicilio y tel\u00e9fono de contacto<\/span><\/li>\n<li><span style=\"line-height: 1.5;\">El hecho de participar en este concurso, el autor de la fotograf\u00edas autoriza la exhibici\u00f3n y publicaci\u00f3n de las mismas en la exposici\u00f3n y ediciones que tengan lugar con motivo del mismo.<\/span><\/li>\n<li><span style=\"line-height: 1.5;\">Correo electr\u00f3nico de los participantes (e-mail).<\/span><\/li>\n<\/ul>\n<\/li>\n<\/ul>\n<p><strong>5.- Fecha de presentaci\u00f3n.-<\/strong><\/p>\n<p>La fecha l\u00edmite de presentaci\u00f3n ser\u00e1 el d\u00eda 17 de noviembre del 2019.<\/p>\n<p><strong>6.- Jurado.-<\/strong><\/p>\n<p>El jurado estar\u00e1 formado por cinco componentes.<\/p>\n<p>El jurado podr\u00e1 seleccionar un m\u00e1ximo de dos obras por autor para forma parte del calendario.<\/p>\n<p>El fallo del jurado ser\u00e1 hecho p\u00fablico el d\u00eda 22 de noviembre de 2019 y ser\u00e1 inapelable.<\/p>\n<p><strong>7.- Premios.-<\/strong><\/p>\n<p>Se establecen los siguientes premios:<\/p>\n<p>Las 12 im\u00e1genes finalistas formar\u00e1n parte del calendario.<\/p>\n<p>La imagen ganadora recibir\u00e1:<\/p>\n<p>\u00b7 Disco Sue\u00f1os de un ayer.<\/p>\n<p>\u00b7 Bono individual de un mes para el Gimnasio Ol\u00edmpico Le\u00f3n.<\/p>\n<p>\u00b7 Bono para dos personas de una sesi\u00f3n de Spa en el Hotel Par\u00eds de Arva Hoteles.<\/p>\n<p>El segundo clasificado:<\/p>\n<p>\u00b7 Bono para dos personas de una sesi\u00f3n de Spa en el Hotel Par\u00eds de Arva Hoteles.<\/p>\n<p>El tercer clasificado:<\/p>\n<p>\u00b7 Bono individual de un mes para el Gimnasio Ol\u00edmpico Le\u00f3n.<\/p>\n<p><strong>8.- Observaciones.-<\/strong><\/p>\n<p>La mera participaci\u00f3n en este Concurso implica la total aceptaci\u00f3n de las Bases Reguladoras del mismo.<\/p>\n<p>Las doce im\u00e1genes ganadoras ser\u00e1n usadas exclusivamente para el calendario (se reproducir\u00e1n con la firma del autor en las im\u00e1genes) y las promociones del mismo en redes sociales, conservando el autor los derechos de\u00a0reproducci\u00f3n y comercializaci\u00f3n de las mismas.<\/p>\n","protected":false},"excerpt":{"rendered":"<p>La Agrupaci\u00f3n Musical Santo Cristo de la Bienaventuranza convoca, por segundo a\u00f1o consecutivo, el concurso fotogr\u00e1fico para seleccionar las 12 fotos que formar\u00e1n parte del calendario del a\u00f1o 2020. Presentamos las bases del concurso en el que, desde hoy, se puede participar. BASES CONCURSO FOTOGRAF\u00cdA Calendario AM SCB 1. Participantes.- Podr\u00e1n concurrir a este certamen [&hellip;]<\/p>\n","protected":false},"author":2,"featured_media":0,"comment_status":"open","ping_status":"open","sticky":false,"template":"","format":"standard","meta":[],"categories":[],"tags":[],"_links":{"self":[{"href":"https:\/\/amscb.com\/index.php?rest_route=\/wp\/v2\/posts\/2506"}],"collection":[{"href":"https:\/\/amscb.com\/index.php?rest_route=\/wp\/v2\/posts"}],"about":[{"href":"https:\/\/amscb.com\/index.php?rest_route=\/wp\/v2\/types\/post"}],"author":[{"embeddable":true,"href":"https:\/\/amscb.com\/index.php?rest_route=\/wp\/v2\/users\/2"}],"replies":[{"embeddable":true,"href":"https:\/\/amscb.com\/index.php?rest_route=%2Fwp%2Fv2%2Fcomments&post=2506"}],"version-history":[{"count":11,"href":"https:\/\/amscb.com\/index.php?rest_route=\/wp\/v2\/posts\/2506\/revisions"}],"predecessor-version":[{"id":2528,"href":"https:\/\/amscb.com\/index.php?rest_route=\/wp\/v2\/posts\/2506\/revisions\/2528"}],"wp:attachment":[{"href":"https:\/\/amscb.com\/index.php?rest_route=%2Fwp%2Fv2%2Fmedia&parent=2506"}],"wp:term":[{"taxonomy":"category","embeddable":true,"href":"https:\/\/amscb.com\/index.php?rest_route=%2Fwp%2Fv2%2Fcategories&post=2506"},{"taxonomy":"post_tag","embeddable":true,"href":"https:\/\/amscb.com\/index.php?rest_route=%2Fwp%2Fv2%2Ftags&post=2506"}],"curies":[{"name":"wp","href":"https:\/\/api.w.org\/{rel}","templated":true}]}}