{"id":2548,"date":"2019-12-12T12:04:34","date_gmt":"2019-12-12T12:04:34","guid":{"rendered":"http:\/\/amscb.com\/?p=2548"},"modified":"2019-12-12T12:04:34","modified_gmt":"2019-12-12T12:04:34","slug":"recogida-de-alimentos-y-pasacalles-2019","status":"publish","type":"post","link":"https:\/\/amscb.com\/?p=2548","title":{"rendered":"RECOGIDA DE ALIMENTOS Y PASACALLES 2019"},"content":{"rendered":"<p>El pr\u00f3ximo s\u00e1bado, 14 de diciembre, recorreremos las calles del barrio del San Claudio recogiendo alimentos no perecederos, con salida a las 19:00 desde la Plaza de la P\u00edcara Justina, recorriendo las siguientes calles:\u00a0Conde Guill\u00e9n, Plaza El\u00edptica, Comandante Zorita, Covadonga, Monasterio, Plaza de los Doce M\u00e1rtires, Carmelo Rodr\u00edguez del Cueto, San Claudio, Plaza del Congreso Eucar\u00edstico, San Claudio, 24 de Abril, Antonio Valbuena.<\/p>\n<p>A las 20:00, y ya en la Parroquia de San Claudio, tendr\u00e1 lugar la actuaci\u00f3n del Aula Coral I.E.S. Padre Isla, un cuenta cuentos a cargo de los ni\u00f1os de la catequesis parroquial y una obra de teatro representada por los m\u00e1s peque\u00f1os de nuestra penitencial. A la finalizaci\u00f3n de este acto (21:00), en el centro Ozanam (C. Cipriano de la Huerga, 4) se ofrecer\u00e1 la tradicional chocolatada.<\/p>\n<p>El pasacalles y el resto de actos forman parte del programa\u00a0\u00abUna Navidad de cuento\u00bb, en el que\u00a0se recoger\u00e1n alimentos no perecederos los d\u00edas viernes 13 y s\u00e1bado 14 de diciembre\u00a0en los supermercados Carrefour Express\u00a0(av. Rep\u00fablica Argentina, 26),\u00a0Mas y Mas\u00a0(calle Covadonga, 5). Los alimentos recogidos ser\u00e1n entregados a las Conferencias de San Vicente de Pa\u00fal del barrio de San Claudio, quien los repartir\u00e1 entre las familias m\u00e1s necesitadas de nuestro barrio.<\/p>\n<p>\u00a1Os esperamos en esta jornada navide\u00f1a y solidaria!<br \/>\n<a href=\"http:\/\/amscb.com\/wp-content\/uploads\/2019\/12\/IMG_20191211_224846.jpg\"><img decoding=\"async\" loading=\"lazy\" src=\"http:\/\/amscb.com\/wp-content\/uploads\/2019\/12\/IMG_20191211_224846-1024x725.jpg\" alt=\"\" width=\"960\" height=\"680\" class=\"aligncenter size-large wp-image-2550\" srcset=\"https:\/\/amscb.com\/wp-content\/uploads\/2019\/12\/IMG_20191211_224846-1024x725.jpg 1024w, https:\/\/amscb.com\/wp-content\/uploads\/2019\/12\/IMG_20191211_224846-300x212.jpg 300w, https:\/\/amscb.com\/wp-content\/uploads\/2019\/12\/IMG_20191211_224846-768x543.jpg 768w, https:\/\/amscb.com\/wp-content\/uploads\/2019\/12\/IMG_20191211_224846.jpg 1754w\" sizes=\"(max-width: 960px) 100vw, 960px\" \/><\/a><\/p>\n","protected":false},"excerpt":{"rendered":"<p>El pr\u00f3ximo s\u00e1bado, 14 de diciembre, recorreremos las calles del barrio del San Claudio recogiendo alimentos no perecederos, con salida a las 19:00 desde la Plaza de la P\u00edcara Justina, recorriendo las siguientes calles:\u00a0Conde Guill\u00e9n, Plaza El\u00edptica, Comandante Zorita, Covadonga, Monasterio, Plaza de los Doce M\u00e1rtires, Carmelo Rodr\u00edguez del Cueto, San Claudio, Plaza del Congreso [&hellip;]<\/p>\n","protected":false},"author":2,"featured_media":0,"comment_status":"open","ping_status":"open","sticky":false,"template":"","format":"standard","meta":[],"categories":[],"tags":[],"_links":{"self":[{"href":"https:\/\/amscb.com\/index.php?rest_route=\/wp\/v2\/posts\/2548"}],"collection":[{"href":"https:\/\/amscb.com\/index.php?rest_route=\/wp\/v2\/posts"}],"about":[{"href":"https:\/\/amscb.com\/index.php?rest_route=\/wp\/v2\/types\/post"}],"author":[{"embeddable":true,"href":"https:\/\/amscb.com\/index.php?rest_route=\/wp\/v2\/users\/2"}],"replies":[{"embeddable":true,"href":"https:\/\/amscb.com\/index.php?rest_route=%2Fwp%2Fv2%2Fcomments&post=2548"}],"version-history":[{"count":1,"href":"https:\/\/amscb.com\/index.php?rest_route=\/wp\/v2\/posts\/2548\/revisions"}],"predecessor-version":[{"id":2551,"href":"https:\/\/amscb.com\/index.php?rest_route=\/wp\/v2\/posts\/2548\/revisions\/2551"}],"wp:attachment":[{"href":"https:\/\/amscb.com\/index.php?rest_route=%2Fwp%2Fv2%2Fmedia&parent=2548"}],"wp:term":[{"taxonomy":"category","embeddable":true,"href":"https:\/\/amscb.com\/index.php?rest_route=%2Fwp%2Fv2%2Fcategories&post=2548"},{"taxonomy":"post_tag","embeddable":true,"href":"https:\/\/amscb.com\/index.php?rest_route=%2Fwp%2Fv2%2Ftags&post=2548"}],"curies":[{"name":"wp","href":"https:\/\/api.w.org\/{rel}","templated":true}]}}