{"id":2552,"date":"2019-12-18T12:05:58","date_gmt":"2019-12-18T12:05:58","guid":{"rendered":"http:\/\/amscb.com\/?p=2552"},"modified":"2019-12-18T12:05:58","modified_gmt":"2019-12-18T12:05:58","slug":"concierto-besamanos","status":"publish","type":"post","link":"https:\/\/amscb.com\/?p=2552","title":{"rendered":"CONCIERTO BESAMANOS"},"content":{"rendered":"<p>El pr\u00f3ximo s\u00e1bado d\u00eda 21 de diciembre acompa\u00f1aremos a la\u00a0Sacramental y Penitencial Cofrad\u00eda de Nuestro Padre Jes\u00fas Sacramentado y Mar\u00eda Sant\u00edsima de la Piedad, Amparo de los Leoneses en su besamanos.<br \/>\nEl acto tendr\u00e1 lugar dentro de la iglesia de San Marcos tras la misa enmarcada dentro del triduo en honor a Nuestra Se\u00f1ora de la Esperanza, que comenzar\u00e1 a las 19.30h.<\/p>\n<p>Interpretaremos las siguientes marchas:<br \/>\n&#8211; \u00a1Oh bendita estrella!<br \/>\n&#8211; Los ni\u00f1os hebreos<br \/>\n&#8211; A mi Esperanza<br \/>\n&#8211; \u00a1A la Gloria!<br \/>\n&#8211; En tu dulce mirada<br \/>\n&#8211; Reina de Reyes<\/p>\n<p>\ud83d\udcf8: Alejandro D\u00edez<\/p>\n<p><a href=\"http:\/\/amscb.com\/wp-content\/uploads\/2019\/12\/WhatsApp-Image-2019-12-18-at-09.13.41.jpeg\"><img decoding=\"async\" loading=\"lazy\" src=\"http:\/\/amscb.com\/wp-content\/uploads\/2019\/12\/WhatsApp-Image-2019-12-18-at-09.13.41-682x1024.jpeg\" alt=\"\" width=\"682\" height=\"1024\" class=\"aligncenter size-large wp-image-2553\" srcset=\"https:\/\/amscb.com\/wp-content\/uploads\/2019\/12\/WhatsApp-Image-2019-12-18-at-09.13.41-682x1024.jpeg 682w, https:\/\/amscb.com\/wp-content\/uploads\/2019\/12\/WhatsApp-Image-2019-12-18-at-09.13.41-200x300.jpeg 200w, https:\/\/amscb.com\/wp-content\/uploads\/2019\/12\/WhatsApp-Image-2019-12-18-at-09.13.41-768x1153.jpeg 768w, https:\/\/amscb.com\/wp-content\/uploads\/2019\/12\/WhatsApp-Image-2019-12-18-at-09.13.41.jpeg 1066w\" sizes=\"(max-width: 682px) 100vw, 682px\" \/><\/a><\/p>\n","protected":false},"excerpt":{"rendered":"<p>El pr\u00f3ximo s\u00e1bado d\u00eda 21 de diciembre acompa\u00f1aremos a la\u00a0Sacramental y Penitencial Cofrad\u00eda de Nuestro Padre Jes\u00fas Sacramentado y Mar\u00eda Sant\u00edsima de la Piedad, Amparo de los Leoneses en su besamanos. El acto tendr\u00e1 lugar dentro de la iglesia de San Marcos tras la misa enmarcada dentro del triduo en honor a Nuestra Se\u00f1ora de [&hellip;]<\/p>\n","protected":false},"author":2,"featured_media":0,"comment_status":"open","ping_status":"open","sticky":false,"template":"","format":"standard","meta":[],"categories":[],"tags":[],"_links":{"self":[{"href":"https:\/\/amscb.com\/index.php?rest_route=\/wp\/v2\/posts\/2552"}],"collection":[{"href":"https:\/\/amscb.com\/index.php?rest_route=\/wp\/v2\/posts"}],"about":[{"href":"https:\/\/amscb.com\/index.php?rest_route=\/wp\/v2\/types\/post"}],"author":[{"embeddable":true,"href":"https:\/\/amscb.com\/index.php?rest_route=\/wp\/v2\/users\/2"}],"replies":[{"embeddable":true,"href":"https:\/\/amscb.com\/index.php?rest_route=%2Fwp%2Fv2%2Fcomments&post=2552"}],"version-history":[{"count":1,"href":"https:\/\/amscb.com\/index.php?rest_route=\/wp\/v2\/posts\/2552\/revisions"}],"predecessor-version":[{"id":2554,"href":"https:\/\/amscb.com\/index.php?rest_route=\/wp\/v2\/posts\/2552\/revisions\/2554"}],"wp:attachment":[{"href":"https:\/\/amscb.com\/index.php?rest_route=%2Fwp%2Fv2%2Fmedia&parent=2552"}],"wp:term":[{"taxonomy":"category","embeddable":true,"href":"https:\/\/amscb.com\/index.php?rest_route=%2Fwp%2Fv2%2Fcategories&post=2552"},{"taxonomy":"post_tag","embeddable":true,"href":"https:\/\/amscb.com\/index.php?rest_route=%2Fwp%2Fv2%2Ftags&post=2552"}],"curies":[{"name":"wp","href":"https:\/\/api.w.org\/{rel}","templated":true}]}}