{"id":2556,"date":"2020-01-03T11:57:21","date_gmt":"2020-01-03T11:57:21","guid":{"rendered":"http:\/\/amscb.com\/?p=2556"},"modified":"2020-01-03T12:06:21","modified_gmt":"2020-01-03T12:06:21","slug":"actuaciones-navidenas-4-y-5-de-enero-de-2020","status":"publish","type":"post","link":"https:\/\/amscb.com\/?p=2556","title":{"rendered":"ACTUACIONES NAVIDE\u00d1AS 4 Y 5 DE ENERO DE 2020"},"content":{"rendered":"<p>Para poner fin a las navidades de este a\u00f1o nuestra agrupaci\u00f3n participar\u00e1 en distintos actos este fin de semana:<\/p>\n<p><strong>S\u00c1BADO 4 de ENERO<\/strong><br \/>\n&#8211; Por la ma\u00f1ana estaremos animando a los mayores en la Residencia de ancianos \u201cVirgen del Camino\u201d (Av. San Mam\u00e9s, 8).<\/p>\n<p>&#8211; Por la tarde las calles de Le\u00f3n se llenar\u00e1n de m\u00fasica con un Pasacalles Navide\u00f1o desde la plaza de Regla \u201319:00 horas\u2013 hacia calle Ancha, finalizando en la plaza de las Cortes Leonesas.<\/p>\n<p><strong>DOMINGO 5 DE ENERO<\/strong><br \/>\nComo ya viene siendo tradici\u00f3n participaremos en la cabalgata de los Reyes Magos de Gij\u00f3n.<br \/>\nEl recorrido de este a\u00f1o en la cabalgata, que comenzar\u00e1 a las 18:00h, incluye el colegio Montevil, el colegio Severo Ochoa, las calles R\u00edo Eo, Pintor Manuel Medina, la carretera Carbonera, las avenidas de Schultz y Manuel Llaneza, las calle 17 de agosto, la avenida de la Costa, la calle San Bernardo, plaza del Instituto, las calles Jovellanos, Moros, Munuza, la plaza del Carmen, las calles Felipe Men\u00e9ndez y Marqu\u00e9s de San Esteban para terminar en los Jardines de la Reina.<\/p>\n<div id=\"attachment_2557\" style=\"width: 513px\" class=\"wp-caption alignleft\"><a href=\"http:\/\/amscb.com\/wp-content\/uploads\/2020\/01\/caja-maria-jose.jpg\"><img aria-describedby=\"caption-attachment-2557\" decoding=\"async\" loading=\"lazy\" class=\" wp-image-2557\" src=\"http:\/\/amscb.com\/wp-content\/uploads\/2020\/01\/caja-maria-jose-300x199.jpg\" alt=\"\" width=\"503\" height=\"334\" srcset=\"https:\/\/amscb.com\/wp-content\/uploads\/2020\/01\/caja-maria-jose-300x199.jpg 300w, https:\/\/amscb.com\/wp-content\/uploads\/2020\/01\/caja-maria-jose-768x509.jpg 768w, https:\/\/amscb.com\/wp-content\/uploads\/2020\/01\/caja-maria-jose-1024x678.jpg 1024w, https:\/\/amscb.com\/wp-content\/uploads\/2020\/01\/caja-maria-jose.jpg 2048w\" sizes=\"(max-width: 503px) 100vw, 503px\" \/><\/a><p id=\"caption-attachment-2557\" class=\"wp-caption-text\">\ud83d\udcf7: Maria Jos\u00e9 Gonz\u00e1lez Chamorro<\/p><\/div>\n<div id=\"attachment_2558\" style=\"width: 514px\" class=\"wp-caption alignright\"><a href=\"http:\/\/amscb.com\/wp-content\/uploads\/2020\/01\/WhatsApp-Image-2020-01-03-at-11.49.50.jpeg\"><img aria-describedby=\"caption-attachment-2558\" decoding=\"async\" loading=\"lazy\" class=\" wp-image-2558\" src=\"http:\/\/amscb.com\/wp-content\/uploads\/2020\/01\/WhatsApp-Image-2020-01-03-at-11.49.50-300x200.jpeg\" alt=\"\" width=\"504\" height=\"336\" srcset=\"https:\/\/amscb.com\/wp-content\/uploads\/2020\/01\/WhatsApp-Image-2020-01-03-at-11.49.50-300x200.jpeg 300w, https:\/\/amscb.com\/wp-content\/uploads\/2020\/01\/WhatsApp-Image-2020-01-03-at-11.49.50-768x512.jpeg 768w, https:\/\/amscb.com\/wp-content\/uploads\/2020\/01\/WhatsApp-Image-2020-01-03-at-11.49.50-1024x683.jpeg 1024w, https:\/\/amscb.com\/wp-content\/uploads\/2020\/01\/WhatsApp-Image-2020-01-03-at-11.49.50.jpeg 1600w\" sizes=\"(max-width: 504px) 100vw, 504px\" \/><\/a><p id=\"caption-attachment-2558\" class=\"wp-caption-text\">\ud83d\udcf7: Luis Reyero<\/p><\/div>\n","protected":false},"excerpt":{"rendered":"<p>Para poner fin a las navidades de este a\u00f1o nuestra agrupaci\u00f3n participar\u00e1 en distintos actos este fin de semana: S\u00c1BADO 4 de ENERO &#8211; Por la ma\u00f1ana estaremos animando a los mayores en la Residencia de ancianos \u201cVirgen del Camino\u201d (Av. San Mam\u00e9s, 8). &#8211; Por la tarde las calles de Le\u00f3n se llenar\u00e1n de [&hellip;]<\/p>\n","protected":false},"author":2,"featured_media":0,"comment_status":"open","ping_status":"open","sticky":false,"template":"","format":"standard","meta":[],"categories":[],"tags":[],"_links":{"self":[{"href":"https:\/\/amscb.com\/index.php?rest_route=\/wp\/v2\/posts\/2556"}],"collection":[{"href":"https:\/\/amscb.com\/index.php?rest_route=\/wp\/v2\/posts"}],"about":[{"href":"https:\/\/amscb.com\/index.php?rest_route=\/wp\/v2\/types\/post"}],"author":[{"embeddable":true,"href":"https:\/\/amscb.com\/index.php?rest_route=\/wp\/v2\/users\/2"}],"replies":[{"embeddable":true,"href":"https:\/\/amscb.com\/index.php?rest_route=%2Fwp%2Fv2%2Fcomments&post=2556"}],"version-history":[{"count":6,"href":"https:\/\/amscb.com\/index.php?rest_route=\/wp\/v2\/posts\/2556\/revisions"}],"predecessor-version":[{"id":2564,"href":"https:\/\/amscb.com\/index.php?rest_route=\/wp\/v2\/posts\/2556\/revisions\/2564"}],"wp:attachment":[{"href":"https:\/\/amscb.com\/index.php?rest_route=%2Fwp%2Fv2%2Fmedia&parent=2556"}],"wp:term":[{"taxonomy":"category","embeddable":true,"href":"https:\/\/amscb.com\/index.php?rest_route=%2Fwp%2Fv2%2Fcategories&post=2556"},{"taxonomy":"post_tag","embeddable":true,"href":"https:\/\/amscb.com\/index.php?rest_route=%2Fwp%2Fv2%2Ftags&post=2556"}],"curies":[{"name":"wp","href":"https:\/\/api.w.org\/{rel}","templated":true}]}}