{"id":2567,"date":"2020-02-06T18:23:48","date_gmt":"2020-02-06T18:23:48","guid":{"rendered":"http:\/\/amscb.com\/?p=2567"},"modified":"2020-02-06T18:31:12","modified_gmt":"2020-02-06T18:31:12","slug":"concierto-viii-aniversario","status":"publish","type":"post","link":"https:\/\/amscb.com\/?p=2567","title":{"rendered":"CONCIERTO VIII ANIVERSARIO"},"content":{"rendered":"<p>El pr\u00f3ximo s\u00e1bado, 15 de febrero, tendr\u00e1 lugar el concierto que conmemora el octavo aniversario de nuestra formaci\u00f3n. Ser\u00e1 en el interior de la capilla del Colegio Maristas San Jos\u00e9, situado en la Avenida de \u00c1lvaro L\u00f3pez N\u00fa\u00f1ez, a las 20:00h.<\/p>\n<p>Una cita a la que a\u00f1o tras a\u00f1o no queremos faltar pero que este a\u00f1o trae consigo una novedad, ya que contaremos con la banda de Cornetas y Tambores Nuestra se\u00f1ora de la Soledad como banda invitada en este evento.<\/p>\n<p>La presentaci\u00f3n del concierto correr\u00e1 a cargo del hermano Jose Antonio Fern\u00e1ndez Ramos.<\/p>\n<p>La entrada al concierto tendr\u00e1 un coste de tres euros que ir\u00e1n destinados a el nuevo trono del paso Santo Cristo de la Bienaventuranza.<\/p>\n<p>En el mismo se interpretar\u00e1n las nuevas incorporaciones a nuestro repertorio de cara a la Semana Santa 2020.<\/p>\n<p>Desde estas l\u00edneas queremos tener un especial agradecimiento hacia RBH GLOBAL por mostrarnos una vez m\u00e1s su apoyo patrocinando este concierto.<\/p>\n<p>Os esperamos<\/p>\n<p>\ud83d\udcf8: Luis Reyero<\/p>\n<p><em><a href=\"http:\/\/amscb.com\/wp-content\/uploads\/2020\/02\/IMG-20200206-WA0014.jpg\"><img decoding=\"async\" loading=\"lazy\" class=\"alignleft wp-image-2571 size-large\" src=\"http:\/\/amscb.com\/wp-content\/uploads\/2020\/02\/IMG-20200206-WA0014-724x1024.jpg\" alt=\"\" width=\"724\" height=\"1024\" srcset=\"https:\/\/amscb.com\/wp-content\/uploads\/2020\/02\/IMG-20200206-WA0014-724x1024.jpg 724w, https:\/\/amscb.com\/wp-content\/uploads\/2020\/02\/IMG-20200206-WA0014-212x300.jpg 212w, https:\/\/amscb.com\/wp-content\/uploads\/2020\/02\/IMG-20200206-WA0014-768x1086.jpg 768w, https:\/\/amscb.com\/wp-content\/uploads\/2020\/02\/IMG-20200206-WA0014.jpg 1131w\" sizes=\"(max-width: 724px) 100vw, 724px\" \/><\/a><\/em><\/p>\n","protected":false},"excerpt":{"rendered":"<p>El pr\u00f3ximo s\u00e1bado, 15 de febrero, tendr\u00e1 lugar el concierto que conmemora el octavo aniversario de nuestra formaci\u00f3n. Ser\u00e1 en el interior de la capilla del Colegio Maristas San Jos\u00e9, situado en la Avenida de \u00c1lvaro L\u00f3pez N\u00fa\u00f1ez, a las 20:00h. Una cita a la que a\u00f1o tras a\u00f1o no queremos faltar pero que este [&hellip;]<\/p>\n","protected":false},"author":2,"featured_media":0,"comment_status":"open","ping_status":"open","sticky":false,"template":"","format":"standard","meta":[],"categories":[],"tags":[],"_links":{"self":[{"href":"https:\/\/amscb.com\/index.php?rest_route=\/wp\/v2\/posts\/2567"}],"collection":[{"href":"https:\/\/amscb.com\/index.php?rest_route=\/wp\/v2\/posts"}],"about":[{"href":"https:\/\/amscb.com\/index.php?rest_route=\/wp\/v2\/types\/post"}],"author":[{"embeddable":true,"href":"https:\/\/amscb.com\/index.php?rest_route=\/wp\/v2\/users\/2"}],"replies":[{"embeddable":true,"href":"https:\/\/amscb.com\/index.php?rest_route=%2Fwp%2Fv2%2Fcomments&post=2567"}],"version-history":[{"count":8,"href":"https:\/\/amscb.com\/index.php?rest_route=\/wp\/v2\/posts\/2567\/revisions"}],"predecessor-version":[{"id":2577,"href":"https:\/\/amscb.com\/index.php?rest_route=\/wp\/v2\/posts\/2567\/revisions\/2577"}],"wp:attachment":[{"href":"https:\/\/amscb.com\/index.php?rest_route=%2Fwp%2Fv2%2Fmedia&parent=2567"}],"wp:term":[{"taxonomy":"category","embeddable":true,"href":"https:\/\/amscb.com\/index.php?rest_route=%2Fwp%2Fv2%2Fcategories&post=2567"},{"taxonomy":"post_tag","embeddable":true,"href":"https:\/\/amscb.com\/index.php?rest_route=%2Fwp%2Fv2%2Ftags&post=2567"}],"curies":[{"name":"wp","href":"https:\/\/api.w.org\/{rel}","templated":true}]}}